{"id":59944,"date":"2026-03-01T09:29:28","date_gmt":"2026-03-01T09:29:28","guid":{"rendered":"https:\/\/elenalasagna.it\/?p=59944"},"modified":"2026-03-06T00:26:53","modified_gmt":"2026-03-06T00:26:53","slug":"per-i-ragazzi","status":"publish","type":"post","link":"https:\/\/elenalasagna.it\/?p=59944","title":{"rendered":"PER I RAGAZZI"},"content":{"rendered":"<h4 style=\"text-align: right;\">01\/03\/2026<\/h4>\n<p style=\"text-align: center;\"><img loading=\"lazy\" decoding=\"async\" class=\"alignnone wp-image-59945\" src=\"https:\/\/elenalasagna.it\/wp-content\/uploads\/2026\/03\/DSC01318-300x225.jpg\" alt=\"\" width=\"348\" height=\"261\" srcset=\"https:\/\/elenalasagna.it\/wp-content\/uploads\/2026\/03\/DSC01318-300x225.jpg 300w, https:\/\/elenalasagna.it\/wp-content\/uploads\/2026\/03\/DSC01318-1024x768.jpg 1024w, https:\/\/elenalasagna.it\/wp-content\/uploads\/2026\/03\/DSC01318-768x576.jpg 768w, https:\/\/elenalasagna.it\/wp-content\/uploads\/2026\/03\/DSC01318-1536x1152.jpg 1536w, https:\/\/elenalasagna.it\/wp-content\/uploads\/2026\/03\/DSC01318-2048x1536.jpg 2048w\" sizes=\"auto, (max-width: 348px) 100vw, 348px\" \/><\/p>\n<p style=\"text-align: center;\"><img loading=\"lazy\" decoding=\"async\" class=\"alignnone size-medium wp-image-59946\" src=\"https:\/\/elenalasagna.it\/wp-content\/uploads\/2026\/03\/DSC01910-277x300.jpg\" alt=\"\" width=\"277\" height=\"300\" srcset=\"https:\/\/elenalasagna.it\/wp-content\/uploads\/2026\/03\/DSC01910-277x300.jpg 277w, https:\/\/elenalasagna.it\/wp-content\/uploads\/2026\/03\/DSC01910-946x1024.jpg 946w, https:\/\/elenalasagna.it\/wp-content\/uploads\/2026\/03\/DSC01910-768x831.jpg 768w, https:\/\/elenalasagna.it\/wp-content\/uploads\/2026\/03\/DSC01910-1419x1536.jpg 1419w, https:\/\/elenalasagna.it\/wp-content\/uploads\/2026\/03\/DSC01910-1892x2048.jpg 1892w\" sizes=\"auto, (max-width: 277px) 100vw, 277px\" \/><\/p>\n<h4>(SAN LUCA 12)<\/h4>\n<p>&nbsp;<\/p>\n<h4>Disse un giorno Ges\u00f9 ai suoi discepoli:\u00a0 &#8220;non abbiate preoccupazioni per la vostra vita riguardo al cibo,\u00a0 n\u00e9 per il vostro corpo riguardo al vestito.\u00a0 Considerate gli uccelli dell&#8217;aria:\u00a0 essi non seminano,\u00a0 non mietono,\u00a0 non hanno dispensa nel granaio,\u00a0 eppure Dio li nutre&#8230; Osservate come crescono i gigli,\u00a0 essi non lavorano e non filano;\u00a0 eppure vi dico che nemmeno Salomone in tutto il suo splendore non fu mai vestito come uno di loro.\u00a0 Ora se Dio riveste cos\u00ec l&#8217;erba,\u00a0 che oggi \u00e8 nei campi e domani sar\u00e0 gettata nel forno, quanto pi\u00f9 lo far\u00e0 con voi,\u00a0 o persone di poca fede!\u00a0 Voi dunque non preoccupatevi di quel che mangerete e non vi tormentate lo spirito&#8230;cercate piuttosto il regno di Dio e tutte le altre cose saran date in pi\u00f9&#8221;.<\/h4>\n<p>&#8212;&#8212;&#8212;&#8212;&#8212;&#8212;&#8212;&#8212;&#8212;&#8212;&#8212;&#8212;&#8212;<\/p>\n<p>&nbsp;<\/p>\n<h3>Che cosa fa invece l&#8217;uomo di poca fede?\u00a0 Egli si preoccupa di tutto senza pensare\u00a0 che l&#8217;Angelo custode ci \u00e8 sempre vicino e ci aiuta nelle nostre necessit\u00e0 materiali e spirituali.\u00a0 Pi\u00f9 saggi dell&#8217;uomo sono gli uccelli che non si lamentano mai perch\u00e9 sanno che migliore sar\u00e0 quella che viene.\u00a0 Esso ha fiducia nell&#8217;opera della provvidenza Divina,\u00a0 non dispera e canta lietamente godendo i beni che Dio gli ha concesso;\u00a0 perch\u00e9 dopo l&#8217;annata magra,\u00a0 ecco che viene l&#8217;abbondanza e dopo l&#8217;inverno il ruscello ricanta e tutto rinasce di nuovo.<\/h3>\n<h3><\/h3>\n<h3>Ragazzi:\u00a0 Buona domenica a tutti!<\/h3>\n<p>&nbsp;<\/p>\n<h4 style=\"text-align: right;\">03\/03\/2026<\/h4>\n<p>&nbsp;<\/p>\n<p style=\"text-align: center;\"><img loading=\"lazy\" decoding=\"async\" class=\"alignnone size-medium wp-image-59967\" src=\"https:\/\/elenalasagna.it\/wp-content\/uploads\/2026\/03\/DSC01932-247x300.jpg\" alt=\"\" width=\"247\" height=\"300\" srcset=\"https:\/\/elenalasagna.it\/wp-content\/uploads\/2026\/03\/DSC01932-247x300.jpg 247w, https:\/\/elenalasagna.it\/wp-content\/uploads\/2026\/03\/DSC01932-844x1024.jpg 844w, https:\/\/elenalasagna.it\/wp-content\/uploads\/2026\/03\/DSC01932-768x932.jpg 768w, https:\/\/elenalasagna.it\/wp-content\/uploads\/2026\/03\/DSC01932-1265x1536.jpg 1265w, https:\/\/elenalasagna.it\/wp-content\/uploads\/2026\/03\/DSC01932-1687x2048.jpg 1687w\" sizes=\"auto, (max-width: 247px) 100vw, 247px\" \/><\/p>\n<h4>Che cosa diresti ai ragazzi sulla guerra?<\/h4>\n<p>&nbsp;<\/p>\n<h4>Che la nostra vita \u00e8 troppo preziosa per poterla distruggere senza viverla.\u00a0 Un essere umano intelligente non combatte con le armi,\u00a0 ma sa risolvere con le parole del buon senso.\u00a0 Speriamo che tutti i giovani del futuro possano comprendere quello che significa la parola &#8220;Guerra e Pace&#8221;.\u00a0 Se guardiamo indietro nella storia,\u00a0 quante persone sono state uccise fino ad oggi?\u00a0 Che diritto avevano quelli che hanno voluto lo sterminio di tutta quella gente?\u00a0 Erano tutti innocenti e i bambini?\u00a0 Che cosa avevano fatto?\u00a0 Perch\u00e9 hanno lasciato che Itler sterminasse una razza intera? E tutti gli altri Paesi che hanno iniziato le guerre senza accettare un patto d&#8217;accordo di riconciliazione?\u00a0 Quelli vanno tolti dal mondo prima che incomincino ad uccidere innocenti.\u00a0 E tutti quei ragazzi soldati di Putin?\u00a0 \u00a0Insomma si fa presto a dire eccettate la parola di riconciliazione se si ha a che fare con dei criminali!\u00a0 La gente malata di guerra va curata o tolta dal mondo.\u00a0 \u00a0Adesso si fa presto a dire anche ma non dovevano attaccare L&#8217;Iran!\u00a0 Bravi che bella figura fate ora!\u00a0 Che Santi! Perch\u00e9 poi ci sar\u00e0 la vendetta,\u00a0 allora lasciamo che si continui come hanno fatto fino ad ora,\u00a0 che in Iran come ancora in altri paesi,\u00a0 non si possa neanche dire una parola;\u00a0 un giovane non pu\u00f2 esprimersi!\u00a0 Quanti ne hanno ammazzati fino ad oggi? Ragazzi e ragazze innocenti,\u00a0 sul fiore della loro vita! Quella non \u00e8 guerra?\u00a0 Pensateci bene con profondit\u00e0 prima di esprimervi solo perch\u00e9 l&#8217;Iran ha fatto una mossa di vendetta;\u00a0 sapeste quanto \u00e8 superficiale dire cos\u00ec! Ora speriamo solo che ci sia la rivolta dei giusti.\u00a0 Con l&#8217;aiuto della preghiera alla Vergine Maria forse se vorr\u00e0,\u00a0 qualcosa si vedr\u00e0.\u00a0 Per\u00f2 le guerre sono nel cuore degli uomini senza fede e dei malati di mente.<\/h4>\n<h4>Annalisa\u00a0 Ma tu non sei mai stanca?<\/h4>\n<h4>Elena\u00a0 No,\u00a0 non mi stanco mai,\u00a0 ma a volte se non riesco a dormire abbastanza poi mi viene sonno.<\/h4>\n<h4 style=\"text-align: right;\">03\/03\/2026<\/h4>\n<h4>Secondo te che cosa esige una patria malsana? (Come molte nazioni&#8230;)<\/h4>\n<h4>Elena\u00a0 Secondo me uno stato esige che su questa base le due generazioni fondino i loro sforzi ricostruttivi,\u00a0 e la loro unione diventi un centro che attragga il massimo numero di energie sane e valide;\u00a0 provenienti anche da altre correnti;\u00a0 e siano pur uomini che nelle presenti angustie, abbiano sentito per la prima volta la vocazione sociale.\u00a0 Dalla tendenza realistica di adeguare i propri sforzi alle esigenze dei tempi e alle necessit\u00e0 dei popoli,\u00a0 nascer\u00e0 quel programma concreto di riforme che dovranno attuarsi nello Stato del domani.\u00a0 Ma gi\u00e0 ora deve poggiare su alcuni punti fondamentali che s&#8217;ispirano ai nostri principi o sono conclusioni di un&#8217;esperienza sociale,\u00a0 ecomica e politica ormai secolare.<\/h4>\n<h3>La coscienza<\/h3>\n<h4>Le riforme politiche,\u00a0 sociali ed economiche,\u00a0 le garanzie costituzionali,\u00a0 i controlli amministrativi,\u00a0 le stesse sanzioni penali resteranno inefficaci se non \u00e8 viva ed operante una coscienza vera e non superficiale. Le forze dell&#8217;ordine,\u00a0 la finanza, i giudici i revisori ecc.\u00a0 non bastano a frenare e a reprimere la corruzione;\u00a0 bisogna che tutte le istituzioni si sentano responsabili innanzi a &#8220;Dio&#8221;.\u00a0 I conflitti sociali non si possono comporre senza il senso di fraternit\u00e0,\u00a0 e di fermento della civilt\u00e0 cristiana.\u00a0 I patti internazionali non valgono niente se non c&#8217;\u00e8 &#8220;coscienza&#8221; ma menefreghismo.\u00a0 La libert\u00e0 politica di un popolo soccombe se non \u00e8 accompagnata da una vita sociale onesta.\u00a0 Se tali freni di un governo non agiscono,\u00a0 sar\u00e0 indotto per attuare le sue riforme ad una costrizione eccessiva e perfino ad una dittatura ferrea e sanguinaria.\u00a0 L&#8217;efficacia delle riforme statali \u00e8 vincolata al miglioramento del costume.\u00a0 Tutti insieme i popoli dovrebbero agire con onest\u00e0 in modo che quando qualcuno si sogna di volere la terra di un altro popolo allora si potr\u00e0 risolvere al meglio la situazione con meno vittime.\u00a0 Sembra una cosa detta cos\u00ec,\u00a0 ma pensateci bene!<\/h4>\n<p>&nbsp;<\/p>\n<h4>Che cosa significa accudire gli anziani?\u00a0 Solo quando sono a letto infermi,\u00a0 oppure dare soccorso anche quando sono sani?<\/h4>\n<p>&nbsp;<\/p>\n<h4>Ci sono situazioni che non dobbiamo ignorare:\u00a0 solo perch\u00e9 due coniugi anziani sono in salute,\u00a0 non vuol dire che dobbiamo abbandonarli a loro stessi.\u00a0 Ci sono figli e nipoti che hanno speso un patrimonio senza guadagnare mai un centesimo,\u00a0 fino a quando i genitori o gli zii oppure i nonni avevano denaro da dare loro allora andavano a trovarli anche quando erano govani,\u00a0 ora che hanno chiuso i battenti del denaro perch\u00e9 altrimenti gli sollevano anche i mattoni della casa,\u00a0 allora quei nipoti ingrati non si fanno pi\u00f9 vedere.\u00a0 Insomma ricattano perch\u00e9 gli zii hanno deciso di donare il resto del patrimonio a chi ha pi\u00f9 cervello di loro.\u00a0 E hanno fatto bene,\u00a0 perch\u00e9 non si pu\u00f2 arrivare a tanto!\u00a0 Non ci si fa pagare l&#8217;interessamento verso una persona!\u00a0 \u00c8 umiliante e un colpo basso;\u00a0 dovreste incominciare a restituire il patrimonio che avete ricevuto dai vostri zii!\u00a0 Non erano neanche donazioni,\u00a0 ma prestiti,\u00a0 quindi quando incomincerete sar\u00e0 fin troppo tardi! Prego,\u00a0 avanti!<\/h4>\n<p>&nbsp;<\/p>\n<h4 style=\"text-align: right;\">04\/03\/2026<\/h4>\n<h4>Elena\u00a0 Oggi vi citer\u00f2 ancora Cesare Pavese su gentile richiesta del vostro prof. di Italiano.<\/h4>\n<h3 style=\"text-align: center;\">SEMPLICIT\u00c1<\/h3>\n<h4>L&#8217;uomo solo che \u00e8 stato in prigione &#8212;ritorna in prigione<\/h4>\n<h4>ogni volta che morde in un pezzo di pane.<\/h4>\n<h4>In prigione sognava le lepri che fuggono<\/h4>\n<h4>al terriccio invernale.\u00a0 Nella nebbia d&#8217;inverno<\/h4>\n<h4>l&#8217;uomo vive tra muri di strade,\u00a0 bevendo<\/h4>\n<h4>acqua fredda e mordendo in un pezzo di pane.<\/h4>\n<h4>Uno crede che dopo rinasca la vita,\u00a0 che il respiro<\/h4>\n<h4>si calmi,\u00a0 che ritorni l&#8217;inverno,\u00a0 con l&#8217;odore del vino<\/h4>\n<h4>nella calda osteria,\u00a0 e il buon fuoco,\u00a0 la stalla e le cene.<\/h4>\n<h4>Uno crede,\u00a0 fin che \u00e8 dentro uno crede.\u00a0 Si esce fuori<\/h4>\n<h4>una sera,\u00a0 e le lepri le han prese e le mangiano al<\/h4>\n<h4>caldo,\u00a0 gli altri,\u00a0 allegri.\u00a0 Bisogna guardarli dai vetri.<\/h4>\n<h4>L&#8217;uomo solo osa entrare per bere un bicchiere<\/h4>\n<h4>quando proprio si gela,\u00a0 e contempa il suo vino:<\/h4>\n<h4>il colore fumoso,\u00a0 il sapore pesante.\u00a0 Morde il pezzo<\/h4>\n<h4>di pane che sapeva dilepre in prigione,\u00a0 ma adesso<\/h4>\n<h4>non sa pi\u00f9 di pane n\u00e9 di nulla.<\/h4>\n<h4>E anche il vino non sa che di nebbia.<\/h4>\n<h4>L&#8217;uomo solo ripensa a quei campi,\u00a0 contento di<\/h4>\n<h4>saperli gi\u00e0 arati.\u00a0 Nella sala deserta sottovoce<\/h4>\n<h4>si prova a cantare. Rivede lungo l&#8217;argine il ciuffo<\/h4>\n<h4>di rovi spogliati che in agosto fu verde.\u00a0 D\u00e0 un fischio<\/h4>\n<h4>alla cagna.\u00a0 E compare la lepre e non hanno pi\u00f9 freddo.<\/h4>\n<h3 style=\"text-align: center;\">PROSA<\/h3>\n<h4>Il ricordo della prigione non abbandona mai l&#8217;uomo che vi \u00e8 stato. Per il poeta,\u00a0 la libert\u00e0 sognata fra le mura di un carcere non la si acquista uscendone,\u00a0 perch\u00e9 l&#8217;isolamento materiale si trasforma in solitudine esistenziale per l&#8217;uomo. L&#8217;idea di libert\u00e0 si identifica,\u00a0 per il carcerato,\u00a0 con la libera e velocissima corsa alle lepri.\u00a0 Ma una volta libero l&#8217;uomo si ritrova dalla nebbia d&#8217;inverno,\u00a0 dai muri di strade dall&#8217;acqua fredda,\u00a0 e la prigione rivive ogni volta che morde un pezzo di pane,\u00a0 quando sar\u00e0 tornato in libert\u00e0.\u00a0 I campi arati,\u00a0 il ciuffo di rovi spogliati lungo l&#8217;argine,\u00a0 gi\u00e0 verde in agosto,\u00a0 e,\u00a0 prima i riferimenti alla citt\u00e0,\u00a0 all&#8217;osteria,\u00a0 alla stalla,\u00a0 richiamano il giudizio espresso dallo stesso Pavese su Lavorare stanca,\u00a0 la sua prima raccolta poetica,\u00a0 definita l&#8217;avventura dell&#8217;adolescente,\u00a0 che orgoglioso della sua campagna,\u00a0 immagina con simile la citt\u00e0,\u00a0 ma si trova la solitudine,\u00a0 e rimedia in maniera sbagliata con sesso e passioni,\u00a0 che servono solo a sradicarlo e gettarlo lontano da campagna e citt\u00e0:\u00a0 in una pi\u00f9 tragica solitudine che \u00e8 la fine dell&#8217;adolescenza e un inizio che sar\u00e0 la sua vera fine.<\/h4>\n<p>Elena\u00a0 L.<\/p>\n<p>&nbsp;<\/p>\n<h4><\/h4>\n","protected":false},"excerpt":{"rendered":"<p>01\/03\/2026 (SAN LUCA 12) &nbsp; Disse un giorno Ges\u00f9 ai suoi discepoli:\u00a0 &#8220;non abbiate preoccupazioni per la vostra vita riguardo al cibo,\u00a0 n\u00e9 per il vostro corpo riguardo al vestito.\u00a0 Considerate gli uccelli dell&#8217;aria:\u00a0 essi non seminano,\u00a0 non mietono,\u00a0 non hanno dispensa nel granaio,\u00a0 eppure Dio li nutre&#8230; Osservate come crescono i gigli,\u00a0 essi non [&hellip;]<\/p>\n","protected":false},"author":2,"featured_media":0,"comment_status":"open","ping_status":"open","sticky":false,"template":"","format":"standard","meta":{"footnotes":""},"categories":[1],"tags":[],"class_list":["post-59944","post","type-post","status-publish","format-standard","hentry","category-uncategorized"],"_links":{"self":[{"href":"https:\/\/elenalasagna.it\/index.php?rest_route=\/wp\/v2\/posts\/59944","targetHints":{"allow":["GET"]}}],"collection":[{"href":"https:\/\/elenalasagna.it\/index.php?rest_route=\/wp\/v2\/posts"}],"about":[{"href":"https:\/\/elenalasagna.it\/index.php?rest_route=\/wp\/v2\/types\/post"}],"author":[{"embeddable":true,"href":"https:\/\/elenalasagna.it\/index.php?rest_route=\/wp\/v2\/users\/2"}],"replies":[{"embeddable":true,"href":"https:\/\/elenalasagna.it\/index.php?rest_route=%2Fwp%2Fv2%2Fcomments&post=59944"}],"version-history":[{"count":29,"href":"https:\/\/elenalasagna.it\/index.php?rest_route=\/wp\/v2\/posts\/59944\/revisions"}],"predecessor-version":[{"id":59996,"href":"https:\/\/elenalasagna.it\/index.php?rest_route=\/wp\/v2\/posts\/59944\/revisions\/59996"}],"wp:attachment":[{"href":"https:\/\/elenalasagna.it\/index.php?rest_route=%2Fwp%2Fv2%2Fmedia&parent=59944"}],"wp:term":[{"taxonomy":"category","embeddable":true,"href":"https:\/\/elenalasagna.it\/index.php?rest_route=%2Fwp%2Fv2%2Fcategories&post=59944"},{"taxonomy":"post_tag","embeddable":true,"href":"https:\/\/elenalasagna.it\/index.php?rest_route=%2Fwp%2Fv2%2Ftags&post=59944"}],"curies":[{"name":"wp","href":"https:\/\/api.w.org\/{rel}","templated":true}]}}