{"id":58555,"date":"2025-11-30T16:43:13","date_gmt":"2025-11-30T16:43:13","guid":{"rendered":"https:\/\/elenalasagna.it\/?p=58555"},"modified":"2025-12-05T14:52:22","modified_gmt":"2025-12-05T14:52:22","slug":"dialogando-con-voi-45","status":"publish","type":"post","link":"https:\/\/elenalasagna.it\/?p=58555","title":{"rendered":"DIALOGANDO CON VOI"},"content":{"rendered":"<h4 style=\"text-align: right;\">30\/11\/2025<\/h4>\n<p>&nbsp;<\/p>\n<p style=\"text-align: center;\"><img loading=\"lazy\" decoding=\"async\" class=\"alignnone size-medium wp-image-58542\" src=\"https:\/\/elenalasagna.it\/wp-content\/uploads\/2025\/11\/DSC01671-300x225.jpg\" alt=\"\" width=\"300\" height=\"225\" srcset=\"https:\/\/elenalasagna.it\/wp-content\/uploads\/2025\/11\/DSC01671-300x225.jpg 300w, https:\/\/elenalasagna.it\/wp-content\/uploads\/2025\/11\/DSC01671-1024x768.jpg 1024w, https:\/\/elenalasagna.it\/wp-content\/uploads\/2025\/11\/DSC01671-768x576.jpg 768w, https:\/\/elenalasagna.it\/wp-content\/uploads\/2025\/11\/DSC01671-1536x1152.jpg 1536w, https:\/\/elenalasagna.it\/wp-content\/uploads\/2025\/11\/DSC01671-2048x1536.jpg 2048w\" sizes=\"auto, (max-width: 300px) 100vw, 300px\" \/><\/p>\n<h4 style=\"text-align: center;\"><img loading=\"lazy\" decoding=\"async\" class=\"alignnone size-medium wp-image-58330\" src=\"https:\/\/elenalasagna.it\/wp-content\/uploads\/2025\/11\/DSC01527-300x225.jpg\" alt=\"\" width=\"300\" height=\"225\" srcset=\"https:\/\/elenalasagna.it\/wp-content\/uploads\/2025\/11\/DSC01527-300x225.jpg 300w, https:\/\/elenalasagna.it\/wp-content\/uploads\/2025\/11\/DSC01527-1024x768.jpg 1024w, https:\/\/elenalasagna.it\/wp-content\/uploads\/2025\/11\/DSC01527-768x576.jpg 768w, https:\/\/elenalasagna.it\/wp-content\/uploads\/2025\/11\/DSC01527-1536x1152.jpg 1536w, https:\/\/elenalasagna.it\/wp-content\/uploads\/2025\/11\/DSC01527-2048x1536.jpg 2048w\" sizes=\"auto, (max-width: 300px) 100vw, 300px\" \/><\/h4>\n<p>&nbsp;<\/p>\n<h4>Annalisa\u00a0 Se ti chiedessi che cosa desideri a Natale,\u00a0 ce lo diresti?\u00a0 Cos\u00ec\u00a0 se vogliamo farti un dono non possiamo sbagliare.\u00a0 Grazie.<\/h4>\n<p>&nbsp;<\/p>\n<h4>Elena\u00a0 \u00a0S\u00ec,\u00a0 te lo dico,\u00a0 voi siete miei amici e mi date gi\u00e0 molto,\u00a0 in quanto ai doni,\u00a0 voi non potete esaudire il mio pi\u00f9 vivo desiderio,\u00a0 perch\u00e9 si tratta di una cosa astratta,\u00a0 non esiste;\u00a0 non si compra e non si vende,\u00a0 solo il Cielo lo sa.<\/h4>\n<p>&nbsp;<\/p>\n<h4 style=\"text-align: right;\">30\/11\/2025<\/h4>\n<p>&nbsp;<\/p>\n<h4>Elena\u00a0 Sono molto fortunata ad avere incontrato voi otto e nove con Annalisa.\u00a0 \u00a0Il dono pi\u00f9 grande per me \u00e8 la vostra lealt\u00e0 e la vostra ricchezza interiore per non avere\u00a0 mai parlato male di me alle spalle. Non siete mai stati complici di cose che potessero ferirmi.\u00a0 Restate cos\u00ec per\u00a0 sempre e sarete sempre il regalo pi\u00f9 gradito.\u00a0 Grazie a tutti voi!<\/h4>\n<h4 style=\"text-align: right;\">01\/12\/2025<\/h4>\n<p>&nbsp;<\/p>\n<h4>Annalisa\u00a0 Si dice bene:\u00a0 aprite le porte ai parenti e riconciliatevi ecc.\u00a0 Ma se loro non vogliono riconciliarsi,\u00a0 cosa dobbiamo fare oltre che implorare il perdono del cielo? Si dice perdono,\u00a0 ma se a sbgliare sono stati loro!\u00a0 E lo stesso il voler mettere insieme un matrimonio fallito fin dal primo giorno che \u00e8 nato;\u00a0 solo per far contente le due famiglie.\u00a0 Quanto\u00a0 si deve\u00a0 soffrire ancora senza ricevere amore ?<\/h4>\n<p>&nbsp;<\/p>\n<h4>Elena\u00a0 Io perdono sempre tutto,\u00a0 oppure per tirare avanti dimendico ma non perdono.\u00a0 Li guardo in faccia\u00a0 e non mi vergogno di nulla.\u00a0 Che\u00a0 il cielo mandi la buona stella!<\/h4>\n<h4>Stamane la mia cassetta della posta traboccava di lettere e vostri manoscritti.\u00a0 Sono contenta,\u00a0 ma non posso rispondere a tutti nello stesso gorno;\u00a0 le prender\u00f2 a caso e qualcuna la metter\u00f2 qui nel mio blog.<\/h4>\n<h4>Luisella\u00a0 mi scrive:\u00a0 Ciao,\u00a0 sono Luisella,\u00a0 scrivi pure il mio nome per intero che non mi vergogno.\u00a0 Ti scrivo queste righe perch\u00e9 vorrei che tu pregassi\u00a0 la Beata Vergine Maria affinch\u00e9 mi mandi il mio compagno giusto di vita.\u00a0 Ormai ho gi\u00e0 superato la soglia dei quaranta ma vorrei una persona seria non come le relazioni che ho avuto fino a ieri.\u00a0 I nostri rapporti non duravano pi\u00f9 di un anno a volte anche meno.\u00a0 Come si fa a mettere su famiglia con degli uomini cos\u00ec?\u00a0 Ti prego aiutami!\u00a0 Ti ringrazio con tuto il cuore.<\/h4>\n<p>&nbsp;<\/p>\n<h4>Elena\u00a0 \u00a0Ma come mai Luisella hai perseverato con questi rapporti balordi?\u00a0 Non bastava il primo a capire?\u00a0 Al massimo due,\u00a0 ma cinque!\u00a0 E poi sono solo cinque?\u00a0 Mah! A me le farfalle non mi sono mai piaciute;\u00a0 si posano su tutti i fiori e alterando la qualit\u00e0 del sapore del miele.\u00a0 Io le chiamo convivenze opportunistiche.\u00a0 Un richiamo proiettato a malo modo su pi\u00f9 donne contemporaneamente;\u00a0 un&#8217;ambiguit\u00e0 mutevole,\u00a0 fragile ma i risultati sono a dir poco meno di ci\u00f2 che provano gli animali.\u00a0 Io prover\u00f2 a pregare per Te ma dovresti farlo anche tu!\u00a0 Anzi,\u00a0 se lo farai,\u00a0 la tua preghiera sar\u00e0 pi\u00f9 efficace.\u00a0 Con tutti i miei pi\u00f9 sinceri auguri sperando che il cielo possa esaudire i desideri pi\u00f9 profondi della tua anima.\u00a0 Ciao!<\/h4>\n<h4 style=\"text-align: right;\">02\/12\/2025<\/h4>\n<p>&nbsp;<\/p>\n<h4>Annalisa\u00a0 Che cosa diresti a coloro che hanno tutto compresa la salute ma che vorrebbero avere sempre di pi\u00f9:\u00a0 come il superfluo: gioielli,\u00a0 macchinoni,\u00a0 viaggi di piacere,\u00a0 \u00a0ecc.?<\/h4>\n<h4>Elena\u00a0 Direi loro di non divagare banalizzando il grande dono che DIO ha concesso loro come quello della salute e di tutto il resto che hai menzionato nella tua domanda.\u00a0 Nella maggior parte dei paesi del mondo:\u00a0 dilaniati dalle guerre,\u00a0 dalle calamit\u00e0,\u00a0 dalle sventure ecc.\u00a0 non hanno potuto nemmeno conservare il dono della salute,\u00a0 e dell&#8217;essenziale per andare avanti con dignit\u00e0!\u00a0 Voltatevi un attimo a guardare e meditate&#8230;<\/h4>\n<p>&nbsp;<\/p>\n<h4 style=\"text-align: right;\">02\/12\/2025<\/h4>\n<h4>Marco\u00a0 A casa con mia madre \u00e8 una noia paralitica!\u00a0 Non riuscivo pi\u00f9 a respirare.\u00a0 Dovrei fare delle ricerche di medicina,\u00a0 posso farle qui con i tuoi testi?\u00a0 Almeno qui si respira!\u00a0 Grazie!<\/h4>\n<h4>Elena\u00a0 Marco\u00a0 Devi dare un po&#8217; di spazio anche a tua madre; tutto il giorno \u00e8 fuori per lavoro,\u00a0 una volta che si trova a casa vorrebbe comunicare un po&#8217; con te;\u00a0 chiede troppo povera anima?<\/h4>\n<h4>Marco\u00a0 non ci sei ancora andata l\u00e0 da Linda e Robert,\u00a0 ci andrai questa settimana?\u00a0 Forse alla fine? Quello della foto \u00e8 Vita?\u00a0 Sembra lui.<\/h4>\n<p>&nbsp;<\/p>\n<h4>Elena\u00a0 S\u00ec,\u00a0 forse andr\u00f2 nel fine settimana o all&#8217;inizio dell&#8217;altra;\u00a0 \u00a0poi a fine anno rester\u00f2 un po&#8217; di giorni l\u00e0!\u00a0 Ho promesso e glielo devo;\u00a0 e poi fa bene anche a me!\u00a0 Ho voglia di volare con il mio cavallo.\u00a0 Quello della foto \u00e8 uguale a Vita,\u00a0 ma non \u00e8 Vita non lo metto l\u00ec esposto,\u00a0 non si sa mai che qualcuno me lo imbizzarrisca!<\/h4>\n<p>&nbsp;<\/p>\n<h4>Annalisa\u00a0 \u00a0Tu cosa ne pensi della ragazza che ha partorito i bambini a casa e poi li ha sotterrati in giardino?\u00a0 Ha avuto dei complici?\u00a0 Grazie!<\/h4>\n<h4>Elena\u00a0 Io la chiamo Povera ragazza!\u00a0 Per\u00f2 sono ancora pi\u00f9 poveri chi dice di non saperne niente.\u00a0 Se vuoi la verit\u00e0 nuda e cruda,\u00a0 io non ci credo che abbia fatto tutto da sola o che nessuno sapesse che era gravida;\u00a0 non ci creder\u00f2 mai! Va bene essere stupidi,\u00a0 ma cos\u00ec offendono l&#8217;intelligenza!<\/h4>\n<p>&nbsp;<\/p>\n<h4>Luisella\u00a0 \u00c8 vero che il cibo non fa parte della cultura?\u00a0 Grazie!<\/h4>\n<h4>Elena\u00a0 Non \u00e8 vero,\u00a0 il cibo fa parte della nostra cultura,\u00a0 \u00e8 il modo di vivere di un popolo.\u00a0 La cultura alimentare \u00e8 influenzata da diversi fattori,\u00a0 come la religione; le tradizioni popolari e il contesto psicosociale in cui \u00e8 nata. La vita frenetica che conduciamo ci unduce a considerare il cibo solo come mezzo per sconfiggere la fame,\u00a0 mentre in altri casi si focalizza l&#8217;attenzione sugli aspetti sociali dell&#8217;alimentazione,\u00a0 a volte si rischia di mangiare troppo.<\/h4>\n<p>&nbsp;<\/p>\n<h4>Annalisa\u00a0 Non immagini cosa darei per vedere nel profondo della gente come fai tu.\u00a0 Insegnami ti prego.<\/h4>\n<h4><\/h4>\n<h4>Annalisa\u00a0 Mi hai fatto una cena fantastica!\u00a0 Peccato che non abbiamo potuto seguire la S. Messa.<\/h4>\n<h4>Elena\u00a0 Ognuno \u00e8 libero di fare ci\u00f2 che crede,\u00a0 altrimenti sarebbe guerra.<\/h4>\n<h4><\/h4>\n<h4>Annalisa\u00a0 \u00a0Ma per tutte quelle bellissime poesie che hai scritto,\u00a0 hai usato l&#8217;intelligenza artificiale?\u00a0 Non credo,\u00a0 per\u00f2 te lo chiedo.\u00a0 Grazie!<\/h4>\n<p>&nbsp;<\/p>\n<h4>Elena\u00a0 No,\u00a0 Annalisa\u00a0 per me non avrebbe senso scrivere o ripetere ci\u00f2 che mi suggerisce L.A. , io voglio sempre che i miei scritti mi escano\u00a0 dalla mente,\u00a0 dallo spirito e dal cuore;\u00a0 e cos\u00ec \u00e8 sempre stato.<\/h4>\n<h4>&#8220;Tranne che il Vangelo e la Bibbia&#8221; Quelli non li ho inventati io.\u00a0 Anche perch\u00e9 io,\u00a0 i miei me li\u00a0 rileggo spesso e se fossero dettati da un robot mi farei schifo.\u00a0 L&#8217;ho ribadisco:\u00a0 io credo nell&#8217;intelligenza umana e basta!\u00a0 Usare quella artificiale per i ragazzi sarebbe come spegnere loro una parte di cervello e di anima.<\/h4>\n<h4>Annalisa\u00a0 Quanto vorrei essere te!<\/h4>\n<p>&nbsp;<\/p>\n<h4>Elena\u00a0 Io sono io e tu sei tu!\u00a0 Perch\u00e9 questa scarsa fiducia in te stessa?\u00a0 Anche tu non devi sottovalutarti, altrimenti ti annienterai da sola.\u00a0 Sii orgogliosa di te stessa!\u00a0 Amati!\u00a0 Tira fuori anche un po&#8217; di personalit\u00e0 che hai e non lasciarti abbattere di chi crede che tu sia poco umile!\u00a0 L&#8217;umit\u00e0 va bene,\u00a0 ma bisogna stare attenti a chi ti vuole umile a tutti i costi per poterti annientare!<\/h4>\n<p>&nbsp;<\/p>\n<h4>Annalisa\u00a0 \u00a0Da te vorrei sapere se vivremo mai in un mondo senza le guerre?<\/h4>\n<h4>Elena\u00a0 Mettiamo da parte l&#8217;ottimismo e il pessimismo.\u00a0 Io credo che le guerre avranno fine quando gli essere umani saranno morti tutti!\u00a0 Perch\u00e9 la guerra con il lbero arbitrio si genera e si rigenener\u00e0 sempre nel cuore degli uomini! Lo dice lo Spirito Santo.\u00a0 IL Cielo \u00e8 sempre il Cielo rester\u00e0 sempre il Cielo!<\/h4>\n<p>&nbsp;<\/p>\n<h4 style=\"text-align: right;\">03\/12\/2025<\/h4>\n<h4>Annalisa\u00a0 Vorrei chiederti di Peter,\u00a0 come sta?\u00a0 Dove vive?\u00a0 Vi sentite?\u00a0 Grazie!<\/h4>\n<h4>Elena\u00a0 S\u00ec,\u00a0 io e Peter comunichiamo almeno due volte a settimana,\u00a0 \u00e9 ancora un bellissimo uomo sia dentro che fuori;\u00a0 si \u00e8 sposato,\u00a0 \u00a0ha due figlie,\u00a0 ecc.\u00a0 Nonostante lui fosse nato in una casa molto benestante,\u00a0 una volta laureato,\u00a0 e sposato,\u00a0 ha intrapreso la strada della missione:\u00a0 si spostano un po&#8217; qua e un po&#8217; l\u00e0.\u00a0 Non lascia mancare nulla alla sua famiglia ma lui \u00e8 un dottore missonario.\u00a0 Se ho fortuna passeremo l\u00e0 da Robert e Linda il capodanno insieme.\u00a0 A Natale purtroppo non potr\u00e0 perch\u00e9 rester\u00e0 con i suoi malati,\u00a0 che hanno pi\u00f9 bisogno di noi;\u00a0 per noi non cambia nulla.<\/h4>\n<h4>Annalisa\u00a0 Non ti ha mai chiesto di raggiungerlo l\u00e0?<\/h4>\n<p>&nbsp;<\/p>\n<h4>Elena\u00a0 Oh,\u00a0 s\u00ec\u00a0 fin dall&#8217;inizio pensa!\u00a0 \u00a0Ma io non ho voluto continuare ad essere presente fisicamente,\u00a0 perch\u00e9 volevo lasciarlo libero.\u00a0 Noi abbiamo avuto sempre un rapporto simbiotico,\u00a0 e tra madre e figlio questo non va bene; quindi anche per lui credo che ora pensi che sia stato meglio cos\u00ec.\u00a0 Ora per\u00f2 \u00e8 da un po&#8217; di tempo che ha ripreso a chiedermelo,\u00a0 io gli dico sempre che ci avrei pensato molto,\u00a0 e ci sto ancora pensando.\u00a0 Chiss\u00e0 \u00e8 da un po&#8217; che ci sto pensando seriamente.<\/h4>\n<p>&nbsp;<\/p>\n<h3>Annalisa\u00a0 Stamattina ho domenticato di chiederti se,\u00a0 per fare la comunione bisogna prima confessarsi?\u00a0 Grazie!<\/h3>\n<p>&nbsp;<\/p>\n<h4>Elena\u00a0 Io direi di s\u00ec.\u00a0 Dalla vita ho imparato che prima di ricevere questo sacramento bisogna confessarsi.\u00a0 Anche se ti dicono:\u00a0 ma cosa vuoi aver fatto,\u00a0 se non hai ammazzato nessuno,\u00a0 se non hai rubato, e se non hai trasgredito i dieci comandamenti si pu\u00f2 fare la Comunone senza confessarsi.\u00a0 Per\u00f2 io non ci sono mai riuscita,\u00a0 pur rispettando tutte le leggi del Cielo; pu\u00f2 succedere che prima di ricevere questo sacramento tu di arrabbi con qualcuno,\u00a0 oppure ti puoi associare a fare vittime di pettegolezzi ecc. Io quando ricevo il sacramento della S. Comunione voglio essere libera dentro da ogni violenza psicologica,\u00a0 da\u00a0 tutto quello che mi pu\u00f2 turbare con l&#8217;arrivo della presenza di Dio Padre.\u00a0 O sarebbe come cambiarsi il vestito senza lavarsi mai!\u00a0 Sbaglier\u00f2?\u00a0 Non lo so,\u00a0 ma io sono cos\u00ec!<\/h4>\n<p>&nbsp;<\/p>\n<h4>Annalisa\u00a0 Che cosa ti fa pi\u00f9 senso\u00a0 di questo strano mondo?\u00a0 Grazie!<\/h4>\n<h4><\/h4>\n<h4>Elena\u00a0 Le persone.\u00a0 Ci sono persone belle e pulite dentro,\u00a0 mentre altre hanno solo la facciata e dentro sono guaste.\u00a0 Se vogliamo aiutare le\u00a0 pi\u00f9 deboli,\u00a0 nel senso che sono le pi\u00f9 forti perch\u00e9 buone e belle nell&#8217;anima,\u00a0 noi dobbiamo tenere gli occhi aperti anche per loro.\u00a0 Comunque li stanno tenendo sotto controllo. Ma come si fa a perseverare con la pedofilia?\u00a0 Siete dei malati di mente!\u00a0 Lasciate stare i bambini!<\/h4>\n<p>&nbsp;<\/p>\n","protected":false},"excerpt":{"rendered":"<p>30\/11\/2025 &nbsp; &nbsp; Annalisa\u00a0 Se ti chiedessi che cosa desideri a Natale,\u00a0 ce lo diresti?\u00a0 Cos\u00ec\u00a0 se vogliamo farti un dono non possiamo sbagliare.\u00a0 Grazie. &nbsp; Elena\u00a0 \u00a0S\u00ec,\u00a0 te lo dico,\u00a0 voi siete miei amici e mi date gi\u00e0 molto,\u00a0 in quanto ai doni,\u00a0 voi non potete esaudire il mio pi\u00f9 vivo desiderio,\u00a0 perch\u00e9 si [&hellip;]<\/p>\n","protected":false},"author":2,"featured_media":0,"comment_status":"open","ping_status":"open","sticky":false,"template":"","format":"standard","meta":{"footnotes":""},"categories":[1],"tags":[],"class_list":["post-58555","post","type-post","status-publish","format-standard","hentry","category-uncategorized"],"_links":{"self":[{"href":"https:\/\/elenalasagna.it\/index.php?rest_route=\/wp\/v2\/posts\/58555","targetHints":{"allow":["GET"]}}],"collection":[{"href":"https:\/\/elenalasagna.it\/index.php?rest_route=\/wp\/v2\/posts"}],"about":[{"href":"https:\/\/elenalasagna.it\/index.php?rest_route=\/wp\/v2\/types\/post"}],"author":[{"embeddable":true,"href":"https:\/\/elenalasagna.it\/index.php?rest_route=\/wp\/v2\/users\/2"}],"replies":[{"embeddable":true,"href":"https:\/\/elenalasagna.it\/index.php?rest_route=%2Fwp%2Fv2%2Fcomments&post=58555"}],"version-history":[{"count":59,"href":"https:\/\/elenalasagna.it\/index.php?rest_route=\/wp\/v2\/posts\/58555\/revisions"}],"predecessor-version":[{"id":58655,"href":"https:\/\/elenalasagna.it\/index.php?rest_route=\/wp\/v2\/posts\/58555\/revisions\/58655"}],"wp:attachment":[{"href":"https:\/\/elenalasagna.it\/index.php?rest_route=%2Fwp%2Fv2%2Fmedia&parent=58555"}],"wp:term":[{"taxonomy":"category","embeddable":true,"href":"https:\/\/elenalasagna.it\/index.php?rest_route=%2Fwp%2Fv2%2Fcategories&post=58555"},{"taxonomy":"post_tag","embeddable":true,"href":"https:\/\/elenalasagna.it\/index.php?rest_route=%2Fwp%2Fv2%2Ftags&post=58555"}],"curies":[{"name":"wp","href":"https:\/\/api.w.org\/{rel}","templated":true}]}}