{"id":58533,"date":"2025-11-28T13:52:41","date_gmt":"2025-11-28T13:52:41","guid":{"rendered":"https:\/\/elenalasagna.it\/?p=58533"},"modified":"2025-12-12T13:50:56","modified_gmt":"2025-12-12T13:50:56","slug":"il-vangelo-ottava-parte","status":"publish","type":"post","link":"https:\/\/elenalasagna.it\/?p=58533","title":{"rendered":"IL VANGELO OTTAVA PARTE"},"content":{"rendered":"<h4 style=\"text-align: right;\">28\/11\/2025<\/h4>\n<p>&nbsp;<\/p>\n<p style=\"text-align: center;\"><img loading=\"lazy\" decoding=\"async\" class=\"alignnone wp-image-58086\" src=\"https:\/\/elenalasagna.it\/wp-content\/uploads\/2025\/10\/DSC01441-300x225.jpg\" alt=\"\" width=\"370\" height=\"277\" srcset=\"https:\/\/elenalasagna.it\/wp-content\/uploads\/2025\/10\/DSC01441-300x225.jpg 300w, https:\/\/elenalasagna.it\/wp-content\/uploads\/2025\/10\/DSC01441-1024x768.jpg 1024w, https:\/\/elenalasagna.it\/wp-content\/uploads\/2025\/10\/DSC01441-768x576.jpg 768w, https:\/\/elenalasagna.it\/wp-content\/uploads\/2025\/10\/DSC01441-1536x1152.jpg 1536w, https:\/\/elenalasagna.it\/wp-content\/uploads\/2025\/10\/DSC01441-2048x1536.jpg 2048w\" sizes=\"auto, (max-width: 370px) 100vw, 370px\" \/><\/p>\n<p>&nbsp;<\/p>\n<p style=\"text-align: center;\"><img loading=\"lazy\" decoding=\"async\" class=\"alignnone wp-image-57091\" src=\"https:\/\/elenalasagna.it\/wp-content\/uploads\/2025\/08\/DSC01469-300x225.jpg\" alt=\"\" width=\"379\" height=\"284\" srcset=\"https:\/\/elenalasagna.it\/wp-content\/uploads\/2025\/08\/DSC01469-300x225.jpg 300w, https:\/\/elenalasagna.it\/wp-content\/uploads\/2025\/08\/DSC01469-1024x768.jpg 1024w, https:\/\/elenalasagna.it\/wp-content\/uploads\/2025\/08\/DSC01469-768x576.jpg 768w, https:\/\/elenalasagna.it\/wp-content\/uploads\/2025\/08\/DSC01469-1536x1152.jpg 1536w, https:\/\/elenalasagna.it\/wp-content\/uploads\/2025\/08\/DSC01469-2048x1536.jpg 2048w\" sizes=\"auto, (max-width: 379px) 100vw, 379px\" \/><\/p>\n<h4 style=\"text-align: center;\">Arcangelo Gabriele?<\/h4>\n<p>&nbsp;<\/p>\n<h4>DAL VANGELO SECONDO MATTEO<\/h4>\n<p>&nbsp;<\/p>\n<h3>Parabola degli operai.<\/h3>\n<h4>1 Il regno dei cieli \u00e8 simile a un padrone che usc\u00ec all&#8217;alba per prendere a giornata\u00a0 lavoratori per la sua vigna. 2\u00a0 \u00a0&#8220;Accordatosi con loro,\u00a0 per un denaro al giorno,\u00a0 li mand\u00f2 nella sua vigna. 3 Uscito poi verso le nove del mattino,\u00a0 ne vide altri che stavano sulla piazza disoccupati 4 e disse loro:\u00a0 Andate anche voi nella mia vigna:\u00a0 quello che \u00e8 giusto ve lo dar\u00f2,\u00a0 Ed essi andarono. 5 Usc\u00ec verso mezzogiorno e verso le tre e fece altrettanto. 6 Uscito ancora verso le cinque ne vide altri che se ne stavano l\u00e0 e disse loro: Perch\u00e9 ve ne state qui tutto il gorno oziosi? 7 Gli risposero:\u00a0 Perch\u00e9 nessuno ci ha presi a giornata.\u00a0 Ed egli disse loro:\u00a0 Andate anche voi nella mia vigna. 8\u00a0 Quando fu sera,\u00a0 il padrone della vigna disse al suo fattore: Chiama gli operai e d\u00e0 loro la paga,\u00a0 incominciando dagli ultimi fino ai primi.\u00a0 9 Venuti quelli delle cinque del pomeriggio,\u00a0 ricevettero ciascuno un denaro. 10\u00a0 Quando arrivarono i primi,\u00a0 pensavano che avrebbero ricevuto di pi\u00f9.\u00a0 Ma anch&#8217;essi ricevettero un denaro per ciascuno.\u00a0 11 Nel ritirarlo per\u00f2,\u00a0 mormoravano contro il padrone dicendo: 12 Questi ultimi hanno lavorato un&#8217;ora soltanto e li hai trattati come noi,\u00a0 che abbiamo soportato il peso della giornata e il caldo.\u00a0 13\u00a0 Ma il padrone,\u00a0 rispondendo a uno di loro,\u00a0 disse:\u00a0 Amico,\u00a0 io non ti faccio torto. Non hai forse convenuto con me per un denaro? 14 Prendi il tuo e vattene:\u00a0 ma io voglio dare anche a quest&#8217;ultimo quanto a te. 15 Non posso fare delle mie cose quello che voglio? Oppure tu sei invidioso perch\u00e9 io sono buono? 16 Cos\u00ec gli ultimi saranno i primi e i primi saranno gli ultimi&#8221;.<\/h4>\n<h4 style=\"text-align: right;\">30\/11\/2025<\/h4>\n<h3>Altra profezia della passione<\/h3>\n<h4>17 Mentre saliva a Gerusalemme,\u00a0 Ges\u00f9 prese in disparte i dodici e lungo la via disse loro: 18\u00a0 &#8220;Ecco noi stiamo salendo a Gerusalemme e il figlio dell&#8217;uomo sar\u00e0 consegnato ai sommi sacerdoti e agli scribi,\u00a0 che lo condanneranno a morte 19 e lo consegneranno ai pagani perch\u00e9 sia schernito e flagellato e crocifisso;\u00a0 ma il terzo giorno risusciter\u00e0&#8221;.<\/h4>\n<p>&nbsp;<\/p>\n<h3>I Figli di Zebedeo<\/h3>\n<p>&nbsp;<\/p>\n<h4>20\u00a0 Allora gli si avvicin\u00f2 la madre dei figli di Zebedeo con i suoi figli,\u00a0 e si prostr\u00f2 per chiedergli qualcosa. 21\u00a0 Egli le disse: &#8220;Che cosa vuoi?&#8221;\u00a0 Gli rispose: &#8220;D\u00ec che questi miei figli siedano uno alla tua destra e uno\u00a0 alla tua sinistra nel tuo regno&#8221;.\u00a0 22 Rispose Ges\u00f9: &#8221; Voi non sapete quello che chiedete.\u00a0 Potete bere il calice che io sto per bere?&#8221; Gli dicono: &#8220;Lo possiamo&#8221;. 23 Ed Egli soggiunse:\u00a0 &#8220;Il mio calice lo berrete;\u00a0 per\u00f2 non sta a me concedere che vi sediate alla mia destra o alla mia sinistra, ma \u00e8 per coloro per i quali, \u00e8 stato preparato dal il padre mio&#8221;.\u00a0 24 Gli altri dieci,\u00a0 udito questo,\u00a0 si sdegnarono con i due fratelli; 25 ma Ges\u00f9,\u00a0 chiamateli a s\u00e9,\u00a0 disse: &#8220;I capi delle nazioni, voi lo salpete dominano su di esse e i grandi esercitano su di esse il potere. 26 Non cos\u00ec dovr\u00e0 essere tra voi;\u00a0 si far\u00e0 vostro servo,\u00a0 27\u00a0 e colui che vorr\u00e0 essere il primo tra voi,\u00a0 si far\u00e0 vostro schiavo;\u00a0 28\u00a0 appunto come il figlio dell&#8217;uomo,\u00a0 che non \u00e8 venuto per essere servito, ma per servire e dare la sua vita in riscatto per molti&#8221;.<\/h4>\n<h4 style=\"text-align: right;\">02\/12\/2025<\/h4>\n<p>&nbsp;<\/p>\n<h4>DAL VANGELO SECONDO MATTEO<\/h4>\n<h3>I ciechi di Gerico<\/h3>\n<h4>29\u00a0 Mentre uscivano da Gerico,\u00a0 una gran fola seguiva Ges\u00f9.\u00a0 30\u00a0 Ed Ecco che due ciechi,\u00a0 seduti lungo la strada,sentendo che passava,\u00a0 si misero a gridare:&#8221; Signore,\u00a0 abbi piet\u00e0 di noi,\u00a0 figlio di Davide!&#8221;31 La folla li sgridava perch\u00e9 tacessero;\u00a0 ma essi gridavano ancora pi\u00f9 forte:\u00a0 &#8220;Signore foglio di Davide,\u00a0 abbi piet\u00e0 di noi!&#8221;\u00a0 32 Ges\u00f9,\u00a0 fermatosi,\u00a0 li chiam\u00f2 e disse:\u00a0 &#8220;Che volete che io faccia?&#8221; 33\u00a0 Gli risposero:\u00a0 &#8220;Signore che i nostri occhi si aprano!&#8221;\u00a0 34 Ges\u00f9si commosse,\u00a0 tocc\u00f2 loro gli occhi e subito ricuperarono la vista e lo seguirono.<\/h4>\n<h4 style=\"text-align: right;\">03\/12\/2025<\/h4>\n<p>&nbsp;<\/p>\n<h4>DAL VANGELO SECONDO MATTEO\u00a0 \u00a0 Capitolo 21<\/h4>\n<h3>Ingresso in Gerusalemme<\/h3>\n<p>&nbsp;<\/p>\n<h4>1 Quando furono vicini a Gerusalemme e giunsero presso Betfage, verso il monte degli Ulivi,\u00a0 Ges\u00f9 mand\u00f2 due dei suoi discepoli 2 dicendo loro:\u00a0 &#8220;Andate nel villaggio che vi sta di fronte:\u00a0 subito troverete un&#8217;asina legata e con essa un puledro. Scioglieteli e conduceteli a me. 3Se qualcuno poi vi dir\u00e0 qualche cosa,\u00a0 risponderete: &#8220;Il Signore ne ha bisogno,\u00a0 ma li rimander\u00e0 subito&#8221;.\u00a0 4 Ora questo avvenne perch\u00e9 si adempisse ci\u00f2 che era stato annunziato dal profeta:<\/h4>\n<h4>5 Dite alla<\/h4>\n<h4>6 figlia di Sion:<\/h4>\n<h4>Ecco,\u00a0 il tuo Re viene a te<\/h4>\n<h4>mite,\u00a0 seduto su un&#8217;asina,<\/h4>\n<h4>con un puledro<\/h4>\n<h4>figlio di bestia da soma.<\/h4>\n<h4>6 I discepoli andarono e facero quello chenaveva ordinato loro Ges\u00f9: 7 condussero l&#8217;asina e il puledro,\u00a0 misero su di essi i mantelli ed egli vi si pose a sedere. 8\u00a0 La folla numerosissima stese i suoi mantelli sulla strada,\u00a0 mentre altri tagliavano rami dagli alberi e li stendevano sulla via.\u00a0 9\u00a0 La folla che andava innanzi a quella che veniva dietro,\u00a0 gridava:\u00a0 Osanna al figlio di Davide!\u00a0 Benedetto colui che viene nel nome del Signore!\u00a0 Osanna nel pi\u00f9 alto dei cieli!<\/h4>\n<h4 style=\"text-align: left;\">10 Entrato Ges\u00f9 in Gerusalemme,\u00a0 &#8221; tutta la citt\u00e0 fu in agitazione e la gente sichiedeva:\u00a0 Chi \u00e8 costui?&#8221;.\u00a0 11 E la folla rispondeva:\u00a0 &#8220;Questi \u00e8 il profeta Ges\u00f9,\u00a0 da Nazaret di Galilea&#8221;.<\/h4>\n<h4 style=\"text-align: right;\">04\/12\/2025<\/h4>\n<h4>I PROFANATORI CACCIATI DAL TEMPIO<\/h4>\n<p>&nbsp;<\/p>\n<h4>12 Ges\u00f9 entr\u00f2 poi nel tempio e scacci\u00f2 tutti quelli che vi trov\u00f2 a comprare e a vendere;\u00a0 rovesci\u00f2 i tavoli dei cambiavalutee le sedie dei venditori di colombe 13 e disse loro:\u00a0 &#8220;La scrittura dice:<\/h4>\n<h4>La mia casa sr\u00e0 chiamata casa di preghiera<\/h4>\n<h4>ma voi ne fate una spelonca di ladri&#8221;.<\/h4>\n<h4>14\u00a0 Gli si avvicinarono ciechi e storpi nel tempio ed egli li guar\u00ec. 15\u00a0 Ma i sommi sacerdoti e gli scribi,\u00a0 vedendo le meraviglie che faceva e i fanciulli che acclamavano nel tempio: &#8220;Osanna al figlio di Davide&#8221;.\u00a0 si sdegnarono16 e gli dissero:\u00a0 &#8221; Non senti quello che dicono?&#8221;\u00a0 Ges\u00f9 rispose loro:\u00a0 &#8221; S\u00ec,\u00a0 non avete mai letto?<\/h4>\n<h4>Dalla bocca dei bambini e dei lattanti ti sei procurata una lode?&#8221;<\/h4>\n<h4>17 E lasciatili,\u00a0 usc\u00ec fuori dalla citt\u00e0,\u00a0 verso Bet\u00e0nia,\u00a0 e l\u00e0 trascorse la notte.<\/h4>\n<h4>IL FICO MALEDETTO<\/h4>\n<h4>18\u00a0 La mattina dopo, mentre rientravain citt\u00e0,\u00a0 ebbe fame,\u00a0 19\u00a0 vedendo un fico sulla strada,\u00a0 gli si avvicin\u00f2,\u00a0 ma non vi trov\u00f2 altro che foglie,\u00a0 e gli disse:\u00a0 &#8220;Non nasca mai un frutto da te&#8221;.\u00a0 E subito quel fico si secc\u00f2.\u00a0 20\u00a0 Vedendo ci\u00f2 i discepoli rimasero stupiti e dissero:\u00a0 &#8220;Come mai il fico si \u00e8 seccato immediatamente?&#8221;\u00a0 21 Rispose Ges\u00f9: &#8221; In verit\u00e0 vi dico:\u00a0 \u00a0Se avrete fede e non dubiterete, non solo potrete fare ci\u00f2 che \u00e8 accaduto a questo fico,\u00a0 ma anche se direte a questo monte:\u00a0 Levati di l\u00ec e gettati in mare,\u00a0 ci\u00f2 avverr\u00e0. 22 e tutto quello che chiederete con fede nella preghiera ,\u00a0 lo otterrete.<\/h4>\n<h4 style=\"text-align: right;\">05\/12\/2025<\/h4>\n<p>&nbsp;<\/p>\n<h4>L&#8217;AUTORIT\u00c1\u00a0 DI\u00a0 \u00a0GES\u00da<\/h4>\n<h4>23\u00a0 Entrato nel tempio,\u00a0 mentre insegnava gli si avvicinarono i sommi sacerdoti egli anziani del popolo e gli dissero:\u00a0 &#8220;Con quale autorit\u00e0 fai questo?\u00a0 Chi ti ha dato questa autorit\u00e0?&#8221; 24 Ges\u00f9 rispose: &#8220;Vi far\u00f2 anch&#8217;io una domanda e se voi mi risponderete,\u00a0 vi dir\u00f2 anche con quale autorit\u00e0 faccio questo. 25\u00a0 Il Battesimo di Giovanni da dove ven\u00ecva? Dal Cielo o dagli uomini?&#8221;\u00a0 Ed essi riflettevano tra s\u00e9 dicendo:\u00a0 &#8220;Se diciamo:\u00a0 &#8221; dal Cielo&#8221;,\u00a0 ci risponder\u00e0: &#8220;perch\u00e9\u00a0 dunque non gli avete creduto?&#8221; 26 se diciamo &#8220;dagli uomini&#8221;,\u00a0 abbiamo timore della folla,\u00a0 perch\u00e9 tutti considerano Giovanni un profeta&#8221;.\u00a0 Rispondendo perci\u00f2 a Ges\u00f9,\u00a0 dissero: &#8221; Non lo sappiamo&#8221;.\u00a0 Allora anch&#8217;egli disse loro:&#8221; Neanch&#8217;io vi dico con quale autorit\u00e0 faccio queste cose&#8221;.<\/h4>\n<h4 style=\"text-align: right;\">06\/12\/2025<\/h4>\n<p>&nbsp;<\/p>\n<h3>Idue figli<\/h3>\n<h4>28\u00a0 &#8220;Che ve ne pare? Un uomo aveva due figli:\u00a0 rivoltosi al primo disse: figlio,\u00a0 v\u00e0 oggi a lavorare nella vigna. 29 Ed egli rispose: S\u00ec,\u00a0 Signore:\u00a0 ma egli non and\u00f2. 30\u00a0 Rivoltosi al secondo,\u00a0 gli disse lo stesso.\u00a0 Ed egli rispose: Non ne ho voglia:\u00a0 ma poi pentitosi,\u00a0 ci and\u00f2.\u00a0 31\u00a0 Chi dei due ha compiuto la volont\u00e0 del padre?&#8221;\u00a0 Dicono:\u00a0 &#8220;L&#8217;ultimo&#8221;.\u00a0 E Ges\u00f9 disse loro: &#8221; In verit\u00e0 vi dico:\u00a0 I pubblicani e le prostitute vi passano davanti nel regno di Dio. 32 \u00c8 venuto a voi Giovanni nella via della giustizia e non gli viene creduto.\u00a0 Voi,\u00a0 al contrario pur avendo visto queste cose,\u00a0 non vi siete nemmeno pentiti per credergli.<\/h4>\n<h4>SEMPRE DAL VANGELO SECONDO MATTEO<\/h4>\n<h3>I vignaioli perfidi<\/h3>\n<p>&nbsp;<\/p>\n<h4>33\u00a0 Ascoltate un&#8217;altra parabola:\u00a0 C&#8217;era un padrone che piant\u00f2 una vigna e la circond\u00f2 con una siepe,\u00a0 vi scav\u00f2 un frantoio,\u00a0 vi costru\u00ec una torre,\u00a0 poi l&#8217;affid\u00f2 a dei vignaioli e se ne and\u00f2.\u00a0 34 Quando fu il tempo dei frutti,\u00a0 mand\u00f2 i suoi servi da quei vignaioli a ritirare il raccolto.\u00a0 35 Ma quei vignaioli presero i servi e uno lo bastonarono,\u00a0 l&#8217;altro lo uccisero,\u00a0 l&#8217;altro lo lapidarono.\u00a0 36 Di nuovo mand\u00f2 altri servi pi\u00f9 numerosi dei primi,\u00a0 ma quelli si comportarono nello stesso modo.\u00a0 37 Da ultimo mand\u00f2 loro il proprio figlio dicendo:\u00a0 Avranno rispetto di mio figlio!\u00a0 38\u00a0 Ma quei vignaioli ,\u00a0 visto il figlio, dissero tra s\u00e9:\u00a0 Costui \u00e8 l&#8217;erede:\u00a0 venite,\u00a0 uccidiamolo,\u00a0 e avremo noi l&#8217;eredit\u00e0. 39\u00a0 E,\u00a0 presolo,\u00a0 lo cacciarono fuori dalla vigna e l&#8217;uccisero.\u00a0 40\u00a0 Quando dunque verr\u00e0 il padrone della vigna che far\u00e0 a quei vignaioli&#8221;?\u00a0 41\u00a0 Gli rispondono:\u00a0 &#8220;Far\u00e0 morire miseramente quei malvagi e dar\u00e0 la vigna ad altri vignaioli che gli consegneranno i frutti a suo tempo&#8221;.\u00a0 42 E Ges\u00f9 disse loro: &#8220;Non avete mai letto nelle scritture:\u00a0 la pietra che i costruttori hanno scartata,\u00a0 \u00e8 diventata testata d&#8217;angolo;\u00a0 dal Signore \u00e8 stato fatto questo ed \u00e8 mirabile agli occhi nostri?\u00a0 43 Perci\u00f2 io vi dico:\u00a0 Vi sar\u00e0 tolto il regno di Dio e sar\u00e0 dato a un popolo che lo far\u00e0 fruttificare. 44 Chi cadr\u00e0 sopra a questa pietra sar\u00e0 sfracellato;\u00a0 e qualora essa cada su qualcuno,\u00a0 lo stritoler\u00e0&#8221;.\u00a0 45 Udite queste parabole,\u00a0 i sommi sacerdoti e i farisei capirono che parlava di loro e cercavano di catturarlo;\u00a0 ma avevano paura della folla che lo considerava un profeta.<\/h4>\n<h4>Annalisa\u00a0 \u00a0Cosa pensi del nuovo Papa?\u00a0 Grazie.<\/h4>\n<p>&nbsp;<\/p>\n<h4>Elena\u00a0 Io credo che Lui sia nato per fare il Pontefice.<\/h4>\n","protected":false},"excerpt":{"rendered":"<p>28\/11\/2025 &nbsp; &nbsp; Arcangelo Gabriele? &nbsp; DAL VANGELO SECONDO MATTEO &nbsp; Parabola degli operai. 1 Il regno dei cieli \u00e8 simile a un padrone che usc\u00ec all&#8217;alba per prendere a giornata\u00a0 lavoratori per la sua vigna. 2\u00a0 \u00a0&#8220;Accordatosi con loro,\u00a0 per un denaro al giorno,\u00a0 li mand\u00f2 nella sua vigna. 3 Uscito poi verso le [&hellip;]<\/p>\n","protected":false},"author":2,"featured_media":0,"comment_status":"open","ping_status":"open","sticky":false,"template":"","format":"standard","meta":{"footnotes":""},"categories":[1],"tags":[],"class_list":["post-58533","post","type-post","status-publish","format-standard","hentry","category-uncategorized"],"_links":{"self":[{"href":"https:\/\/elenalasagna.it\/index.php?rest_route=\/wp\/v2\/posts\/58533","targetHints":{"allow":["GET"]}}],"collection":[{"href":"https:\/\/elenalasagna.it\/index.php?rest_route=\/wp\/v2\/posts"}],"about":[{"href":"https:\/\/elenalasagna.it\/index.php?rest_route=\/wp\/v2\/types\/post"}],"author":[{"embeddable":true,"href":"https:\/\/elenalasagna.it\/index.php?rest_route=\/wp\/v2\/users\/2"}],"replies":[{"embeddable":true,"href":"https:\/\/elenalasagna.it\/index.php?rest_route=%2Fwp%2Fv2%2Fcomments&post=58533"}],"version-history":[{"count":29,"href":"https:\/\/elenalasagna.it\/index.php?rest_route=\/wp\/v2\/posts\/58533\/revisions"}],"predecessor-version":[{"id":58771,"href":"https:\/\/elenalasagna.it\/index.php?rest_route=\/wp\/v2\/posts\/58533\/revisions\/58771"}],"wp:attachment":[{"href":"https:\/\/elenalasagna.it\/index.php?rest_route=%2Fwp%2Fv2%2Fmedia&parent=58533"}],"wp:term":[{"taxonomy":"category","embeddable":true,"href":"https:\/\/elenalasagna.it\/index.php?rest_route=%2Fwp%2Fv2%2Fcategories&post=58533"},{"taxonomy":"post_tag","embeddable":true,"href":"https:\/\/elenalasagna.it\/index.php?rest_route=%2Fwp%2Fv2%2Ftags&post=58533"}],"curies":[{"name":"wp","href":"https:\/\/api.w.org\/{rel}","templated":true}]}}