{"id":58053,"date":"2025-10-30T12:10:28","date_gmt":"2025-10-30T12:10:28","guid":{"rendered":"https:\/\/elenalasagna.it\/?p=58053"},"modified":"2025-11-04T07:18:19","modified_gmt":"2025-11-04T07:18:19","slug":"dialogando-con-voi-33","status":"publish","type":"post","link":"https:\/\/elenalasagna.it\/?p=58053","title":{"rendered":"DIALOGANDO CON VOI"},"content":{"rendered":"<h4 style=\"text-align: right;\">30\/10\/2025<\/h4>\n<p>&nbsp;<\/p>\n<p>&nbsp;<\/p>\n<p>&nbsp;<\/p>\n<p style=\"text-align: center;\"><img loading=\"lazy\" decoding=\"async\" class=\"alignnone wp-image-58054\" src=\"https:\/\/elenalasagna.it\/wp-content\/uploads\/2025\/10\/DSC01547-Copia-300x205.jpg\" alt=\"\" width=\"314\" height=\"214\" srcset=\"https:\/\/elenalasagna.it\/wp-content\/uploads\/2025\/10\/DSC01547-Copia-300x205.jpg 300w, https:\/\/elenalasagna.it\/wp-content\/uploads\/2025\/10\/DSC01547-Copia-1024x701.jpg 1024w, https:\/\/elenalasagna.it\/wp-content\/uploads\/2025\/10\/DSC01547-Copia-768x526.jpg 768w, https:\/\/elenalasagna.it\/wp-content\/uploads\/2025\/10\/DSC01547-Copia-1536x1052.jpg 1536w, https:\/\/elenalasagna.it\/wp-content\/uploads\/2025\/10\/DSC01547-Copia-2048x1403.jpg 2048w\" sizes=\"auto, (max-width: 314px) 100vw, 314px\" \/><\/p>\n<p>&nbsp;<\/p>\n<h4>Marco e Patty\u00a0 \u00a0Perch\u00e9 non hai preso le lauree in medicina,\u00a0 chirurgia e psichiatria?\u00a0 Noi lo sappiamo,\u00a0 ma se tu non vuoi rivelare il motivo va bene cos\u00ec.\u00a0 \u00c8 solo che brava come sei la gente se lo sar\u00e0 chiesto molte volte.<\/h4>\n<p>&nbsp;<\/p>\n<h4>Elena\u00a0 \u00a0Non ho nessun problema a dire che cosa mi ha fermato quando era il tempo di laurearmi\u00a0 in queste tre facolt\u00e0;\u00a0 non perch\u00e8 fossi indecisa tra medicina e letteratura,\u00a0 ma perch\u00e9 dopo un po&#8217; che studiavo medicina e convintissima di farlo,\u00a0 quando fui pronta per l&#8217;esame di anatomia\u00a0 mi accorsi che non riuscivo a immaginare la vista del sangue,\u00a0 secondo me e secondo il parere del mio medico io ero nata per fare medicina,\u00a0 e poi avrei anche coltivato la facolt\u00e0 di letteratura perch\u00e8 mi \u00e8 sempre piaciuto scrivere,\u00a0 le poesie,\u00a0 i racconti ecc.\u00a0 ma questo non come lavoro.\u00a0 Ho assistito ad alcuni incidenti gravi per la strada che hanno sconvolto completamente la mia interiorit\u00e0, e io credo siano stati determinanti per questa mia fobia.\u00a0 Ora la medicina mi manca molto per non aver esercitato non per la cultura che ho acquisito studiando molto in questi anni.\u00a0 \u00a0Ho sempre continuato a studiare\u00a0 e anche di pi\u00f9.\u00a0 Ma ora la mia et\u00e0 non mi permetterebbe di esercitare,\u00a0 non ho pi\u00f9 trent&#8217;anni! Quindi va bene cos\u00ec:\u00a0 &#8220;meglio essere che dimostrare di essere&#8221;, io la prendo cos\u00ec,\u00a0 e poi mi sento completa come donna\u00a0 professionalmente.<\/h4>\n<p>&nbsp;<\/p>\n<h4>Marco\u00a0 Io mi farei operare subito da te anche se non hai la laurea\u00a0 so quanto sei brava!<\/h4>\n<h4>Elena\u00a0 Ti ringrazio,\u00a0 ma no.<\/h4>\n<h3>Marco\u00a0 \u00a0Quando abbiamo degli stati alterati di coscienza e trance lucida?\u00a0 Grazie.<\/h3>\n<p>&nbsp;<\/p>\n<h4>Elena\u00a0 L&#8217;uomo nella sua vita in stato di veglia usa normalmente la parte migliore di s\u00e9. Esiste per\u00f2 un&#8217;altra parte del nostro essere che noi non conosciamo,\u00a0 che pu\u00f2 essere paragonato a un qualcosa di grande;\u00a0 come un magazzino e viene denominata &#8220;inconscio personale&#8221;.\u00a0 Nell&#8217;inconscio personale esistono migliaia di informazioni,\u00a0 di paure, di ricordi. Se siamo in grado di utilizzare una piccola parte di questi,\u00a0 possiamo migliorare tutte le nostre abitudini.\u00a0 Le facolt\u00e0 paranormali ed extasensoriali e persino la memoria sono potenziate nell&#8217;inconscio personale;\u00a0 riuscire ad utilizzare questo magazzino vuol dire conoscere di pi\u00f9 se stessi.\u00a0 &#8220;La trance&#8221; non \u00e8 nient&#8217;altro che l&#8217;addentrarsi in questo inconscio personale.\u00a0 Possono essere diversi gradi di trance;\u00a0 pi\u00f9 si scende nell&#8217;inconscio pi\u00f9 la trance \u00e8 profonda.\u00a0 La trance si pu\u00f2 raggiungere non solo con l&#8217;ipnosi e l&#8217;autoipnosi ma anche con la meditazione,\u00a0 la ricerca interiore,\u00a0 l&#8217;esaltazione mistica e spirituale.\u00a0 Che cosa\u00a0 s&#8217;intende invece per trance lucida?\u00a0 La trance lucida \u00e8 uno dei diversi tipi di trance nel quale il soggetto entra in uno stato alterato di cscienza pur mantenedo apparentemente il suo stato veglia.\u00a0 Questo vuol dire che nessuno dei soggetti riesce a distinguere quando uno \u00e8 in stato di veglia o quando invece \u00e8 in trance.\u00a0 In ipnosi tutto \u00e8 dimostrabile,\u00a0 tutto \u00e8 vero che i soggetti che eseguono determinate azioni, condizionati a priori dal comando post-ipnotico, sembra siano perfettamente coscienti,\u00a0 e in effetti lo sono in parte,\u00a0 \u00e8 perch\u00e9 il loro inconscio \u00e8 invece pronto ad eseguire\u00a0 qualcosa gi\u00e0 programmato a priori.\u00a0 Un soggetto in trance lucida pu\u00f2 espletare le facolt\u00e0 paranormali e la sua corteccia cerebrale emette onde alfa.<\/h4>\n<h4>La trance lucida si raggiunge pensando di voler espletare\u00a0 una certa facolt\u00e0 paranormale che tutto avviene automaticamente;\u00a0 le stesse cose poste sul tavolo fanno in modo che scatti questa trance&#8230;<\/h4>\n<h4 style=\"text-align: right;\">30\/10\/2025<\/h4>\n<h4>Annalisa\u00a0 \u00a0Ti ricordi del delitto di Roberta Ragusa?\u00a0 Secondo te il marito dove avr\u00e0 nascosto il suo cadavere? Grazie!<\/h4>\n<p>&nbsp;<\/p>\n<h4>Elena\u00a0 Lui l&#8217;ha bruciata nell&#8217;inceneritore subito dopo averla uccisa. Guarda non uso neanche il passato remoto perch\u00e9 a me questa sciagura sembra che sia successa ieri.<\/h4>\n<p>&nbsp;<\/p>\n<h4>Annalisa\u00a0 Ora che sono qui ti devo dire alcune cose importanti:\u00a0 sono una peccatrice perch\u00e9 ci sono cose che non riesco a perdonare.\u00a0 Sembrano cose banali,\u00a0 ma se uno mi mente io mi offendo!\u00a0 Perch\u00e8 nessuno e dico nessuno ti ha chiesto niente e tu mi racconti cose che si capisce da lontano che non sono vere.\u00a0 Anch&#8217;io sono come te detesto la menzogna,\u00a0 la menzogna \u00e8 anche incivilt\u00e0 e poi chi dice menzogne non \u00e8 onesta per niente;\u00a0 Ah l\u00ec noi due ci somigliamo.\u00a0 L&#8217;avevo considerata un&#8217;amica,\u00a0 ma a casa mia non ce la voglio pi\u00f9!<\/h4>\n<h4>Elena\u00a0 Ma perch\u00e9 c&#8217;\u00e8 quel bisogno disperato di raccontar bugie su bugie?\u00a0 Non \u00e8 una malattia,\u00a0 ma non \u00e8 neanche tanto sano un cervello come ha la tua &#8220;amica&#8221;! A me non ha mai detto niente,\u00a0 mi ha chiamato un pomeriggio io l&#8217;ho aperta,\u00a0 \u00a0l&#8217;ho ascoltata ma di bugie a me non ne ha raccontate.<\/h4>\n<p>&nbsp;<\/p>\n<h4 style=\"text-align: right;\">31\/10\/2025<\/h4>\n<p>&nbsp;<\/p>\n<h4>Patty\u00a0 Mi ha chiamato Linda,\u00a0 e ci ha ordinato di passare l\u00ec da te domani mattina sul presto,\u00a0 cos\u00ec \u00e8 sicura che ci andrai.<\/h4>\n<p>&nbsp;<\/p>\n<h4>Elena\u00a0 Linda pu\u00f2 stare sicura che non li abbandoner\u00f2 mai,\u00a0 o domani oppure al massimo luned\u00ec non mancher\u00f2.\u00a0 Grazie!\u00a0 Ciao ad entrambi.<\/h4>\n<h4 style=\"text-align: right;\">31\/10\/2025<\/h4>\n<h4>Marco\u00a0 \u00a0Da dove viene la parola &#8220;paura&#8221;?\u00a0 Me lo sono chiesto spesso.\u00a0 Grazie!<\/h4>\n<p>&nbsp;<\/p>\n<h4>Elena\u00a0 Che cos&#8217;\u00e8 uno scherzo di Halloween?\u00a0 Sembra che questa parola appartenga al mondo di Marte,\u00a0 (Ares) il Dio dell&#8217;impeto battagliero,\u00a0 che aveva per figlio Phobos (paura). Altri dei della guerra e di altre culture e i guardiani scolpiti alle porte dei templi in Asia,\u00a0 presentano facce terribili per tenere lontana la falsa reverenza della piet\u00e0 devozionale,\u00a0 il sentimentalismo e la vuota cerimonialit\u00e0. L&#8217;emozione della paura accompagna i fatti del potere.\u00a0 Vicino al potere solo uno sciocco non avrebbe paura. Gli attacchi d&#8217;ansia e di panico,\u00a0 inconsciamente riconoscono la capacit\u00e0 che ha il potere di intimorire. Non la pulizia,\u00a0 la purezza,\u00a0 ma il timore \u00e8 veramente prossimo alla devozione:\u00a0 infatti la &#8220;Bibbia&#8221;insegna che il timore di Dio\u00a0 \u00e8 l&#8217;inizio della saggezza.<\/h4>\n<p>&nbsp;<\/p>\n<h4 style=\"text-align: right;\">01\/11\/2025<\/h4>\n<h4>\u00a0 Elena\u00a0 a\u00a0 Marco e Patty\u00a0 \u00a0S\u00ec,\u00a0 grazie,\u00a0 Ho gi\u00e0 informato Linda che andr\u00f2 da loro domani sera;\u00a0 oggi e domani vorrei essere qui per commemorare i miei defunti.\u00a0 Loro hanno capito.\u00a0 Ciao,\u00a0 buona giornata anche a voi.<\/h4>\n<h4 style=\"text-align: right;\">01\/11\/2025<\/h4>\n<p>&nbsp;<\/p>\n<h4>Federica\u00a0 \u00a0Io e te abbiamo parlato molto quando cucinavamo,\u00a0 di tutto, e ricordo anche che parlammo di femminicidi, purtroppo oggi siamo nelle stessa situazione;\u00a0 ma dimmi tu davvero non esiste una soluzione per farli smettere di ammazzare le donne cos\u00ec come fossero niente?\u00a0 Io una soluzione l&#8217;avreri:\u00a0 sarebbe quella di ammazzare chi ammazza,\u00a0 vale a dire che uccide la donna poi lui deve pagare con la sua vita e non andare solo in prigione.<\/h4>\n<p>&nbsp;<\/p>\n<h4>Elena\u00a0 No,\u00a0 non \u00e8 la soluzione giusta perch\u00e8 allora ci mettiamo pari agli assassini.\u00a0 L&#8217;unica cosa sarebbe quella di avvisare qualcuno alle prime violenze psicologiche,\u00a0 poi farlo curare immediatamente,\u00a0 ma la donna non deve sorvolare su certi comportamenti del marito o del fidanzato;\u00a0 non li deve accettare come se a lei piacesse quando lui le fa violenza. Basta!\u00a0 Si deve curare prima che alzi le mani o prima che alzi la voce e prima che ammazzi ancora!<\/h4>\n<h4 style=\"text-align: right;\">02\/11\/2025<\/h4>\n<p>&nbsp;<\/p>\n<h4>Marco\u00a0 e Patty\u00a0 Linda ci ha detto che potremmo venire con te,\u00a0 sempre se sei d&#8217;accordo,\u00a0 cos\u00ec ti vediamo ancora cavalcare Vita.<\/h4>\n<p>&nbsp;<\/p>\n<h4>Elena\u00a0 Ve lo avrei chiesto io,\u00a0 ma volevo solo sentire il loro consenso.\u00a0 A stasera.\u00a0 Ciao.<\/h4>\n<h4>Marco\u00a0 Senti che ce una novit\u00e0.\u00a0 Monica mi ha chiesto se viene anche lei!\u00a0 Io le ho detto che non \u00e8 casa mia e che non lo sapevo,\u00a0 sai non vorrei perdere l&#8217;amcizia di Linda e Robert.\u00a0 Uffa!!!<\/h4>\n<h4>Elena\u00a0 Per me pu\u00f2 venire benissimo anche Monica che a Linda e Robert ci penso io.\u00a0 Poi io mi fido di te,\u00a0 moltissimo!\u00a0 Sotto certi aspetti non solo fisicamente,\u00a0 ma caratterialmente mi sembra di avere ancora Peter,\u00a0 quindi non pensare mai che tu non sia il benvenuto sia a casa mia che da loro.<\/h4>\n<h4>Marco\u00a0 Che cosa significa per te amore vero,\u00a0 dai dimmelo un&#8217;altra volta!<\/h4>\n<h4>Elena\u00a0 Amore per me significa non ferire mai l&#8217;altra parte.<\/h4>\n<p>&nbsp;<\/p>\n<h4 style=\"text-align: right;\">04\/10\/2025<\/h4>\n<h4>Marco\u00a0 Anche Monica ha detto che sei la coppia femminile di Zorro!\u00a0 A cavallo sei un fenomeno come lo sei con gli scacchi,\u00a0 perch\u00e9 non ti iscrivi a qualche gara internazionale di scacchi?<\/h4>\n<h4>Elena\u00a0 Siete troppo buoni,\u00a0 io non ho idoli,\u00a0 ma quello che ho detto nell&#8217;altro articolo,\u00a0 e cio\u00e8 che non \u00e8 Zorro ma \u00e8 un altro,\u00a0 mi riferivo a &#8220;Dio&#8221; Vorrei somigliare a Lui.<\/h4>\n<p>&nbsp;<\/p>\n<h4 style=\"text-align: right;\">04\/11\/2025<\/h4>\n<h4>Marco e Monica\u00a0 \u00a0Perch\u00e9 non dici il fattaccio che hai scoperto?\u00a0 Ma che schifo che fa questo mondo!<\/h4>\n<p>&nbsp;<\/p>\n<h4>Elena\u00a0 Ragazzi,\u00a0 guardate che il mondo \u00e8 composto anche da voi,\u00a0 e quindi non bisogna generalizzare in certe cose. In realt\u00e0 io vorrei raccontare solo cose belle,\u00a0 ma dal momento che questa cosa \u00e8 sicura e l&#8217;abbiamo sentita con le nostre orecchie&#8230; Non \u00e8 vero che\u00a0 le madri siano tutte sante come credevo io,\u00a0 perch\u00e9 alcuni giorni fa,\u00a0 ne ho sentito una dire alla figlia di circa trent&#8217;anni di non innamorarsi di uno spiantato,\u00a0 ma di cercare la fortuna,\u00a0 anche se l&#8217;uomo sar\u00e0 un vecchio,\u00a0 l&#8217;importante \u00e8 che tu ci dia un figlio cos\u00ec avrai messo a posto anche la tua vita e non dovrai lavorare come abbiamo fatto noi!\u00a0 Non dico altro&#8230;<\/h4>\n<p>&nbsp;<\/p>\n<h4 style=\"text-align: right;\"><\/h4>\n<p>&nbsp;<\/p>\n<p>&nbsp;<\/p>\n<p style=\"text-align: left;\">\n","protected":false},"excerpt":{"rendered":"<p>30\/10\/2025 &nbsp; &nbsp; &nbsp; &nbsp; Marco e Patty\u00a0 \u00a0Perch\u00e9 non hai preso le lauree in medicina,\u00a0 chirurgia e psichiatria?\u00a0 Noi lo sappiamo,\u00a0 ma se tu non vuoi rivelare il motivo va bene cos\u00ec.\u00a0 \u00c8 solo che brava come sei la gente se lo sar\u00e0 chiesto molte volte. &nbsp; Elena\u00a0 \u00a0Non ho nessun problema a dire [&hellip;]<\/p>\n","protected":false},"author":2,"featured_media":0,"comment_status":"open","ping_status":"open","sticky":false,"template":"","format":"standard","meta":{"footnotes":""},"categories":[1],"tags":[],"class_list":["post-58053","post","type-post","status-publish","format-standard","hentry","category-uncategorized"],"_links":{"self":[{"href":"https:\/\/elenalasagna.it\/index.php?rest_route=\/wp\/v2\/posts\/58053","targetHints":{"allow":["GET"]}}],"collection":[{"href":"https:\/\/elenalasagna.it\/index.php?rest_route=\/wp\/v2\/posts"}],"about":[{"href":"https:\/\/elenalasagna.it\/index.php?rest_route=\/wp\/v2\/types\/post"}],"author":[{"embeddable":true,"href":"https:\/\/elenalasagna.it\/index.php?rest_route=\/wp\/v2\/users\/2"}],"replies":[{"embeddable":true,"href":"https:\/\/elenalasagna.it\/index.php?rest_route=%2Fwp%2Fv2%2Fcomments&post=58053"}],"version-history":[{"count":24,"href":"https:\/\/elenalasagna.it\/index.php?rest_route=\/wp\/v2\/posts\/58053\/revisions"}],"predecessor-version":[{"id":58091,"href":"https:\/\/elenalasagna.it\/index.php?rest_route=\/wp\/v2\/posts\/58053\/revisions\/58091"}],"wp:attachment":[{"href":"https:\/\/elenalasagna.it\/index.php?rest_route=%2Fwp%2Fv2%2Fmedia&parent=58053"}],"wp:term":[{"taxonomy":"category","embeddable":true,"href":"https:\/\/elenalasagna.it\/index.php?rest_route=%2Fwp%2Fv2%2Fcategories&post=58053"},{"taxonomy":"post_tag","embeddable":true,"href":"https:\/\/elenalasagna.it\/index.php?rest_route=%2Fwp%2Fv2%2Ftags&post=58053"}],"curies":[{"name":"wp","href":"https:\/\/api.w.org\/{rel}","templated":true}]}}