{"id":57894,"date":"2025-10-16T14:57:27","date_gmt":"2025-10-16T14:57:27","guid":{"rendered":"https:\/\/elenalasagna.it\/?p=57894"},"modified":"2025-10-22T18:38:47","modified_gmt":"2025-10-22T18:38:47","slug":"dialogando-con-voi-29","status":"publish","type":"post","link":"https:\/\/elenalasagna.it\/?p=57894","title":{"rendered":"DIALOGANDO CON VOI"},"content":{"rendered":"<h4 style=\"text-align: right;\">16\/10\/2025<\/h4>\n<p>&nbsp;<\/p>\n<h2 style=\"text-align: center;\">DIALOGANDO CON VOI<\/h2>\n<p>&nbsp;<\/p>\n<p style=\"text-align: center;\"><img loading=\"lazy\" decoding=\"async\" class=\"alignnone size-medium wp-image-57981\" src=\"https:\/\/elenalasagna.it\/wp-content\/uploads\/2025\/10\/DSC01538-300x225.jpg\" alt=\"\" width=\"300\" height=\"225\" srcset=\"https:\/\/elenalasagna.it\/wp-content\/uploads\/2025\/10\/DSC01538-300x225.jpg 300w, https:\/\/elenalasagna.it\/wp-content\/uploads\/2025\/10\/DSC01538-1024x768.jpg 1024w, https:\/\/elenalasagna.it\/wp-content\/uploads\/2025\/10\/DSC01538-768x576.jpg 768w, https:\/\/elenalasagna.it\/wp-content\/uploads\/2025\/10\/DSC01538-1536x1152.jpg 1536w, https:\/\/elenalasagna.it\/wp-content\/uploads\/2025\/10\/DSC01538-2048x1536.jpg 2048w\" sizes=\"auto, (max-width: 300px) 100vw, 300px\" \/><\/p>\n<p style=\"text-align: center;\"><img loading=\"lazy\" decoding=\"async\" class=\"alignnone wp-image-57907\" src=\"https:\/\/elenalasagna.it\/wp-content\/uploads\/2025\/10\/DSC01527-300x225.jpg\" alt=\"\" width=\"156\" height=\"117\" srcset=\"https:\/\/elenalasagna.it\/wp-content\/uploads\/2025\/10\/DSC01527-300x225.jpg 300w, https:\/\/elenalasagna.it\/wp-content\/uploads\/2025\/10\/DSC01527-1024x768.jpg 1024w, https:\/\/elenalasagna.it\/wp-content\/uploads\/2025\/10\/DSC01527-768x576.jpg 768w, https:\/\/elenalasagna.it\/wp-content\/uploads\/2025\/10\/DSC01527-1536x1152.jpg 1536w, https:\/\/elenalasagna.it\/wp-content\/uploads\/2025\/10\/DSC01527-2048x1536.jpg 2048w\" sizes=\"auto, (max-width: 156px) 100vw, 156px\" \/><\/p>\n<p>&nbsp;<\/p>\n<h4>Francesca\u00a0 \u00a0Vorresti darmi una riflessione tua sulla vita e sull&#8217; amore?\u00a0 Ti ringrazio.<\/h4>\n<h4>Elena\u00a0 La vita ha un grande fascino:\u00a0 \u00e8 quello di viverla nel rispetto di &#8220;Dio&#8221;e del mondo;\u00a0 ma quello pi\u00f9 grande \u00e8 quello di saperla amare.<\/h4>\n<h4>In quanto all&#8217;amore implica in primo luogo la capacit\u00e0 di amare l&#8217;altro-a come se stessi o meglio di pi\u00f9,\u00a0 per tenerlo vivo secondo me non bisogna mai farlo scivolare in secondo piano.<\/h4>\n<p>&nbsp;<\/p>\n<h4 style=\"text-align: right;\">17\/10\/2025<\/h4>\n<h4>Patty e Marco\u00a0 \u00a0 Che cosa farai nel fine settimana?\u00a0 Perch\u00e9 non vieni da noi?<\/h4>\n<p>&nbsp;<\/p>\n<h4>Elena\u00a0 Ancora non ho deciso, se rester\u00f2 a casa riprender\u00f2 contatti pi\u00f9 profondi con la mia interiorit\u00e0,\u00a0 in questi due giorni si \u00e8 meno disturbati dal quotidiano.<\/h4>\n<h4>Se invece vado l\u00e0 da loro,\u00a0 cavalcher\u00f2 &#8220;Vita&#8221; e anche con lui mi sentir\u00f2 bene.\u00a0 Questo cavallo mi fa sentire cos\u00ec bene : come se fosse uno psicologo.<\/h4>\n<p>&nbsp;<\/p>\n<h4 style=\"text-align: right;\">18\/10\/2025<\/h4>\n<p>&nbsp;<\/p>\n<h4>Rispondo alla domanda che mi ha fatto Annalisa ieri sera.\u00a0 Mi ha chiesto se la penso ancora cos\u00ec per Olindo e Rosa Romano e cio\u00e8 se sono innocenti.\u00a0 Io ho risposto di s\u00ec,\u00a0 e allora perch\u00e9 non difendono la loro innocenza dice lei;\u00a0 io ho risposto che ormai sono cotti sono plagiati!\u00a0 E poi\u00a0 \u00a0stanno meglio dentro che fuori.\u00a0 Perch\u00e9 fuori per loro ci sono ancora pi\u00f9 criminali che dentro.<\/h4>\n<p>&nbsp;<\/p>\n<h4>Poi Annalisa mi ha posto un&#8217;altra domanda:\u00a0 secondo te \u00e8 peccato amare chi \u00e8 sposato ? Non importa che sia un uomo o una donna,\u00a0 ma voglio sapere solo se \u00e8 peccato!<\/h4>\n<p>&nbsp;<\/p>\n<h4>Elena\u00a0 \u00a0Ho imparato che l&#8217;amore vero non \u00e8 mai peccato!\u00a0 Poi ci sono amori che restano irraggiungibili,\u00a0 ma se sai amare una persona in questa maniera sei una grande!<\/h4>\n<h4>Sai dice Annalisa io non sono una bigotta falsa,\u00a0 ma non ho il tempo di fare la cristiana a tempo pieno!\u00a0 Sai il lavoro,\u00a0 i figli,\u00a0 il marito e tutto il resto dimmi tu se io potrei andare a messa tutti i giorni!<\/h4>\n<p>&nbsp;<\/p>\n<h4>Elena\u00a0 Io ho risposto:\u00a0 Puoi pregare anche a casa quando ti resta un po&#8217; di tempo per te.<\/h4>\n<h4 style=\"text-align: right;\">18\/10\/2025 ore 08:04<\/h4>\n<p>&nbsp;<\/p>\n<h4>Elena\u00a0 Sei mattiniera Annalisa ma adesso non mi fai pi\u00f9 arrabbiare.<\/h4>\n<h4>Annalisa\u00a0 Volevo ringraziarti per ieri sera e ho dimenticato di dirti che loro&#8230;ti ringraziano sempre.<\/h4>\n<p>&nbsp;<\/p>\n<h4 style=\"text-align: right;\">18\/10\/2025<\/h4>\n<p>&nbsp;<\/p>\n<h4>Dott. Robert\u00a0 Non preoccuparti.\u00a0 Tu di dignit\u00e0 ne hai da vendere, sei limpida come il ruscello che abbiamo qui da noi.<\/h4>\n<p>&nbsp;<\/p>\n<h4>Dott. Linda M.\u00a0 \u00a0Che cos&#8217;\u00e8 secondo te quel complesso di onnipotenza che hanno certe persone?\u00a0 Non se ne pu\u00f2 pi\u00f9!\u00a0 A loro d\u00e0\u00a0 fastidio se uno \u00e8 felice.<\/h4>\n<p>&nbsp;<\/p>\n<h4>Elena\u00a0 Questo complesso di potenza lo spiega bene &#8220;Jung&#8221;.\u00a0 Lui chiamava complesso di potenza l&#8217;insieme di tutte quelle rappresentazioni e di quelle aspirazioni che tendono a colocare l&#8217;IO al di sopra di altre influenze e a subordinare queste all&#8217;IO,\u00a0 sia che tali influenze provengano da uomini,\u00a0 e da situazioni,\u00a0 sia che esse provengano da impulsi,\u00a0 sentimenti,\u00a0 pensieri propri,\u00a0 soggettivi.\u00a0 Quindi voleva che sapessimo che la subordinazione di qualunque tipo,\u00a0 suscita il complesso di potenza.\u00a0 Questa definizione suggerisce implicitamente che l&#8217;affermare di se stessi al di sopra degli altri,\u00a0 qualunque cosa sia questo altro,\u00a0 lo colloca al di sotto!\u00a0 L&#8217;espressione chiave in questo passo di &#8220;Jung&#8221; \u00e8 al di sopra. E i modi di ergersi al di sopra possono essere molti.\u00a0 La subordinazione pu\u00f2 usare la forza,\u00a0 la forza di volont\u00e0,\u00a0 la persuasione attraverso l&#8217;atteggiamento,\u00a0 la logica,\u00a0 l&#8217;argomentazione,\u00a0 oppure la conversione,\u00a0 il convincimento con il ragionamento,\u00a0 il terrore ,\u00a0 la manipolazione,\u00a0 l&#8217;irretimento, l&#8217;inganno.\u00a0 Qualunque sia il metodo il complesso di potenza subordina tutto all&#8217;arrivare\u00a0 e al restare in testa.\u00a0 Quindi attenzione alle manipolazioni attraverso i discorsi delle persone che vogliono portare gli altri a seguire le loro idee o progetti.<\/h4>\n<p>&nbsp;<\/p>\n<p style=\"text-align: center;\"><img loading=\"lazy\" decoding=\"async\" class=\"alignnone size-medium wp-image-56899\" src=\"https:\/\/elenalasagna.it\/wp-content\/uploads\/2025\/08\/DSC01441-300x225.jpg\" alt=\"\" width=\"300\" height=\"225\" srcset=\"https:\/\/elenalasagna.it\/wp-content\/uploads\/2025\/08\/DSC01441-300x225.jpg 300w, https:\/\/elenalasagna.it\/wp-content\/uploads\/2025\/08\/DSC01441-1024x768.jpg 1024w, https:\/\/elenalasagna.it\/wp-content\/uploads\/2025\/08\/DSC01441-768x576.jpg 768w, https:\/\/elenalasagna.it\/wp-content\/uploads\/2025\/08\/DSC01441-1536x1152.jpg 1536w, https:\/\/elenalasagna.it\/wp-content\/uploads\/2025\/08\/DSC01441-2048x1536.jpg 2048w\" sizes=\"auto, (max-width: 300px) 100vw, 300px\" \/><\/p>\n<h4>La mente non si perde nel nulla<\/h4>\n<h4>l&#8217;amore che mi hai detto tu \u00e8 ancora soave.<\/h4>\n<h4>con Te il cuore torna a vivere.<\/h4>\n<h4>Tu sei la certezza di un realismo<\/h4>\n<h4>che non ama la menzogna<\/h4>\n<h4>tutto si traduce in realt\u00e0<\/h4>\n<h4>e la vita torna a fluire in tutto<\/h4>\n<h4>il suo splendore.<\/h4>\n<p>&nbsp;<\/p>\n<h4 style=\"text-align: right;\">19\/10\/2025<\/h4>\n<p>&nbsp;<\/p>\n<h4>Elena\u00a0 Scusami Marco se non ho potuto risponderti ieri.<\/h4>\n<h4>La tua domanda: \u00c8 vero che il modo pi\u00f9 chiaro di vedere i miti nelle nostre idee \u00e8 quello di rivolgersi alla futurologia,\u00a0 al campo di modelli scientifici di previsione!\u00a0 \u00c8 vero che siamo tutti sensitivi?\u00a0 Grazie!<\/h4>\n<p>&nbsp;<\/p>\n<h4>Elena\u00a0 Questi modelli presentano un insieme di configurazioni consuete,\u00a0 compaiono pi\u00f9 volte.\u00a0 La futurologia \u00e8 s\u00ec governata dagli attuali modelli di pensiero e dall&#8217;esperienza passata,\u00a0 ma anche da modelli antichi,\u00a0 o griglie mitiche fondamentali fuori dal tempo. Quando la mente umana lavora\u00a0 con l&#8217;ignoto,\u00a0 e il futuro \u00e8 senza dubbio l&#8217;ignoto,\u00a0 la mente se non ha quella visione naturale\u00a0 del futuro ossia\u00a0 la sensitivit\u00e0 del futuro,\u00a0 la mente inventa o semplicemente immagina. Questo immaginare la soggettivit\u00e0 di tutte le cose e di tutto ci\u00f2 che succede o dovr\u00e0 ancora succedere,\u00a0 si \u00e8 soggetti a modelli ripetitivi piuttosto che definiti,\u00a0 che poi vengono proiettati sul campo oscuro che stiamo esplorando e che sosteniamo di vedere nelle prove che raccogliamo,\u00a0 ma purtroppo se non c&#8217;\u00e8 la sensitivit\u00e0 quello che vediamo \u00e8 una parte distorta della verit\u00e0,\u00a0 perch\u00e9 \u00e8 immaginazione e basta.<\/h4>\n<p>&nbsp;<\/p>\n<h4 style=\"text-align: right;\">20\/10\/2025<\/h4>\n<p>&nbsp;<\/p>\n<h4>Marco e Patty\u00a0 \u00a0Quale sar\u00e0 il tuo prossimo obbiettivo urgente da combattere?\u00a0 Grazie!<\/h4>\n<p>&nbsp;<\/p>\n<h4>Elena\u00a0 Io amo l&#8217;innocenza dei bambini,\u00a0 non riesco a tollerare che in molti posti del mondo continuano ancora a spegnere la vita di esseri cos\u00ec indifesi come i bambini! Per me uno di quei campi vasti da guardare con una lampada dalla luce che offusca\u00a0 la vista \u00e8: la &#8220;pedofilia&#8221;internazionale!<\/h4>\n<p>&nbsp;<\/p>\n<h3 style=\"text-align: center;\">DOVE MUORE IL SOLE<\/h3>\n<p>&nbsp;<\/p>\n<h4 style=\"text-align: center;\">La voce si fa roca per la grande ira<\/h4>\n<h4>Non vede il fiore dei suoi anni,\u00a0 il cuore non gli duole.<\/h4>\n<h4>S&#8217;incammina assetato nei paesi del sole;\u00a0 subdola voce loquace, tradita<\/h4>\n<h4>incanta anche il cielo! povero cuore che amare non sa<\/h4>\n<h4>Triste scelta nella stagione odorosa di vita,\u00a0 ma le vite si spengono ai loro occhi. Buoni pensieri fingono.<\/h4>\n<h4>Qualcuno li aiuti!\u00a0 Camminar sopra ai sassi,\u00a0 la mente rapita,\u00a0 piccole prede a piedi nudi, speranza svanita,\u00a0 senza opportunit\u00e0 di pensiero.\u00a0 La mente pi\u00f9 non grida come spada che trafigge vendetta.<\/h4>\n<h4>Poi un ultimo sguardo,\u00a0 la quiete si accende,<\/h4>\n<h4>infinito silenzio,\u00a0 tutto si spegne cala il sipario!<\/h4>\n<h4>Qualcuno poi li rivide?\u00a0 Dolce speranza&#8230;<\/h4>\n<h4>poi la carezza dell&#8217;aurora<\/h4>\n<h4>Giovent\u00f9 di breve passaggio<\/h4>\n<p>&nbsp;<\/p>\n<p>&nbsp;<\/p>\n<h4>Alessandro e Federica\u00a0 Che cos&#8217;\u00e8 per te il perdono?\u00a0 Grazie!<\/h4>\n<p>&nbsp;<\/p>\n<h4>Elena\u00a0 Per me il perdono \u00e8 intelligenza,\u00a0 lealt\u00e0 e purezza.<\/h4>\n<p>&nbsp;<\/p>\n<h4 style=\"text-align: right;\">21\/10\/2025<\/h4>\n<p>&nbsp;<\/p>\n<h4>Annalisa\u00a0 \u00a0Tu e il dott. Robert poi vi siete fidanzati?<\/h4>\n<p>&nbsp;<\/p>\n<h4>Elena\u00a0 No,\u00a0 tra me e il dott. Robert da parte mia c&#8217;\u00e8 stato solo un bacio come scritto nel libro,\u00a0 ma io ero gi\u00e0 fidanzata.\u00a0 Poi ha sposato una mia cara amica che io ho chiamato &#8220;zia Anna&#8221;\u00a0 e anche se poi mi fossi innamorata di lui non ci sarebbe mai stato nulla di pi\u00f9 perch\u00e9 io non tradirei mai e dico mai un&#8217;amica.\u00a0 Ma\u00a0 il &#8220;fato&#8221; volle che io non m&#8217;innamorassi mai di lui per\u00f2,\u00a0 c&#8217;\u00e8 un sentimento come se fossimo dello stesso sangue:\u00a0 fratello e sorella,\u00a0 e lo stesso vale per sua moglie;\u00a0 ci vogliamo bene un bene vero.\u00a0 Forse perch\u00e9 anche loro non hanno figli?\u00a0 E chi lo sa. Questa \u00e8 la verit\u00e0.<\/h4>\n<p>&nbsp;<\/p>\n<h4>Annalisa\u00a0 Se mi dici questo quando prego lo far\u00f2 anche per te,\u00a0 giuro.\u00a0 Come sar\u00e0 il resto del 2025 per me? Grazie!<\/h4>\n<p>&nbsp;<\/p>\n<h4>Elena\u00a0 Ma io te lo dico lo stesso,\u00a0 se indoviner\u00f2 pregherai per me altrimenti niente,\u00a0 contenta?<\/h4>\n<h4>Io credo che tu sia una persona dallo stile fiero,\u00a0 appassionato,\u00a0 proponi uno spirito individualista che prende le distanze da false\u00a0 identit\u00e0 e modelli ricorrenti,\u00a0 tendenti a dominare sulle scelte e sui modi di essere. Quindi pi\u00f9 avanti \u00e8 probabile una fase di confittualit\u00e0,\u00a0 da non viverla come se fosse una cosa banale perch\u00e9 \u00e8 in gioco il tuo essere unica nel tuo stile.\u00a0 Verso fine anno il tempo sar\u00e0 scorrevole,\u00a0 serena, e in molti casi lo scenario si presenter\u00e0 entusiasmante. Inserisciti per\u00f2 con decisione nei sentimenti del partner o lo perderai.\u00a0 Baudelaire diceva che la vita per lui era un gioco,\u00a0 e tu devi condurre il tuo con sicurezza e amore sincero.<\/h4>\n<p>&nbsp;<\/p>\n<p>&nbsp;<\/p>\n","protected":false},"excerpt":{"rendered":"<p>16\/10\/2025 &nbsp; DIALOGANDO CON VOI &nbsp; &nbsp; Francesca\u00a0 \u00a0Vorresti darmi una riflessione tua sulla vita e sull&#8217; amore?\u00a0 Ti ringrazio. Elena\u00a0 La vita ha un grande fascino:\u00a0 \u00e8 quello di viverla nel rispetto di &#8220;Dio&#8221;e del mondo;\u00a0 ma quello pi\u00f9 grande \u00e8 quello di saperla amare. In quanto all&#8217;amore implica in primo luogo la capacit\u00e0 [&hellip;]<\/p>\n","protected":false},"author":2,"featured_media":0,"comment_status":"open","ping_status":"open","sticky":false,"template":"","format":"standard","meta":{"footnotes":""},"categories":[1],"tags":[],"class_list":["post-57894","post","type-post","status-publish","format-standard","hentry","category-uncategorized"],"_links":{"self":[{"href":"https:\/\/elenalasagna.it\/index.php?rest_route=\/wp\/v2\/posts\/57894","targetHints":{"allow":["GET"]}}],"collection":[{"href":"https:\/\/elenalasagna.it\/index.php?rest_route=\/wp\/v2\/posts"}],"about":[{"href":"https:\/\/elenalasagna.it\/index.php?rest_route=\/wp\/v2\/types\/post"}],"author":[{"embeddable":true,"href":"https:\/\/elenalasagna.it\/index.php?rest_route=\/wp\/v2\/users\/2"}],"replies":[{"embeddable":true,"href":"https:\/\/elenalasagna.it\/index.php?rest_route=%2Fwp%2Fv2%2Fcomments&post=57894"}],"version-history":[{"count":68,"href":"https:\/\/elenalasagna.it\/index.php?rest_route=\/wp\/v2\/posts\/57894\/revisions"}],"predecessor-version":[{"id":57990,"href":"https:\/\/elenalasagna.it\/index.php?rest_route=\/wp\/v2\/posts\/57894\/revisions\/57990"}],"wp:attachment":[{"href":"https:\/\/elenalasagna.it\/index.php?rest_route=%2Fwp%2Fv2%2Fmedia&parent=57894"}],"wp:term":[{"taxonomy":"category","embeddable":true,"href":"https:\/\/elenalasagna.it\/index.php?rest_route=%2Fwp%2Fv2%2Fcategories&post=57894"},{"taxonomy":"post_tag","embeddable":true,"href":"https:\/\/elenalasagna.it\/index.php?rest_route=%2Fwp%2Fv2%2Ftags&post=57894"}],"curies":[{"name":"wp","href":"https:\/\/api.w.org\/{rel}","templated":true}]}}