{"id":57421,"date":"2025-09-20T05:59:59","date_gmt":"2025-09-20T05:59:59","guid":{"rendered":"https:\/\/elenalasagna.it\/?p=57421"},"modified":"2025-09-25T19:11:10","modified_gmt":"2025-09-25T19:11:10","slug":"dialogando-con-voi-24","status":"publish","type":"post","link":"https:\/\/elenalasagna.it\/?p=57421","title":{"rendered":"DIALOGANDO CON VOI"},"content":{"rendered":"<h4 style=\"text-align: right;\">20\/09\/2025<\/h4>\n<p>&nbsp;<\/p>\n<p>&nbsp;<\/p>\n<p style=\"text-align: center;\"><img loading=\"lazy\" decoding=\"async\" class=\"alignnone wp-image-57448\" src=\"https:\/\/elenalasagna.it\/wp-content\/uploads\/2025\/09\/DSC01471-300x220.jpg\" alt=\"\" width=\"329\" height=\"241\" srcset=\"https:\/\/elenalasagna.it\/wp-content\/uploads\/2025\/09\/DSC01471-300x220.jpg 300w, https:\/\/elenalasagna.it\/wp-content\/uploads\/2025\/09\/DSC01471-1024x751.jpg 1024w, https:\/\/elenalasagna.it\/wp-content\/uploads\/2025\/09\/DSC01471-768x563.jpg 768w, https:\/\/elenalasagna.it\/wp-content\/uploads\/2025\/09\/DSC01471-1536x1126.jpg 1536w, https:\/\/elenalasagna.it\/wp-content\/uploads\/2025\/09\/DSC01471-2048x1502.jpg 2048w\" sizes=\"auto, (max-width: 329px) 100vw, 329px\" \/><\/p>\n<h4 style=\"text-align: center;\">Roma<\/h4>\n<p>&nbsp;<\/p>\n<h4>Patty\u00a0 \u00a0Sono preoccupata per Marco,\u00a0 lo vedo gi\u00f9,\u00a0 non avrebbe nulla da rattristarsi,\u00a0 \u00e8 bravo,\u00a0 non gli manca niente,\u00a0 insomma io vivo per lui,\u00a0 che cosa potrei fare di pi\u00f9?\u00a0 Grazie!<\/h4>\n<p>&nbsp;<\/p>\n<h4>Elena\u00a0 Forse ascoltarlo di pi\u00f9 ed entrare in empatia,\u00a0 dico forse.\u00a0 Mente e cuore nascondono fino ad un certo punto il\u00a0 bisogno di conferme,\u00a0 che non si legano solo all&#8217;immagine e all&#8217;apparenza,\u00a0 ma soprattutto al desiderio di calde risposte affettive;\u00a0 questo \u00e8 compito tuo.<\/h4>\n<h4 style=\"text-align: right;\">21\/09\/2025<\/h4>\n<p>&nbsp;<\/p>\n<h4>Patty\u00a0 \u00a0Buongiorno,\u00a0 mi sono alzata presto per farmi perdonare di tutto il disturbo ce ti sto arrecando:\u00a0 non dire che non\u00a0 \u00e8 vero perch\u00e9 l&#8217;ho letto dal mio oroscopo.\u00a0 Vado a prepararti la colazione.<\/h4>\n<p>&nbsp;<\/p>\n<h4>Elena\u00a0 Non potrei farti pesare nulla perch\u00e9 la tua compagnia fa piacere anche a me.\u00a0 In quanto agli oroscopi cara mia,\u00a0 non attaccarti l\u00ec o sarai perduta. Non ne esiste uno e dico uno che abbia lo stesso significato,\u00a0 a me non ne hanno mai azzeccato uno. Non dico le parole ma il significato dovrebbe essere lo stesso allora credo che siano pilotati! La colazione la prepariamo insieme. Come te lo devo dire che qui,\u00a0 tu e gli altri nostri amici siete i benvenuti sempre?<\/h4>\n<p>&nbsp;<\/p>\n<h4 style=\"text-align: right;\">21\/09\/2025<\/h4>\n<p>&nbsp;<\/p>\n<h4>Linda\u00a0 Indovina che sorpresa ti aspetta?\u00a0 Non ci crederai mai!<\/h4>\n<p>&nbsp;<\/p>\n<h4>Elena\u00a0 Perch\u00e9 non me lo dici cos\u00ec faccio senza mandare in fumo il cervello?<\/h4>\n<p>&nbsp;<\/p>\n<h4>Linda\u00a0 Robert mi ha regalato un cavallo,\u00a0 ma io sono un brocco e vorrei vederti cavalcare come una volta,\u00a0 vieni in settimana la prossima ovviamente,\u00a0 scommetto che volerai come allora!<\/h4>\n<p>&nbsp;<\/p>\n<h4>Elena\u00a0 \u00a0E chi ti dice che non rotoli sotto alla pancia del cavallo oppure dall&#8217;altra parte? Grazie comunque,\u00a0 ma non so se riuscir\u00f2 a venirci.<\/h4>\n<p>&nbsp;<\/p>\n<h4 style=\"text-align: right;\">21\/09\/2025<\/h4>\n<p>&nbsp;<\/p>\n<h4>Elena\u00a0 Se riuscite a vedere solo quel che la luce rivela, e a udire solo ci\u00f2 che il nostro suono annuncia,\u00a0 allora in verit\u00e0 non vedete n\u00e9 sentite!\u00a0 \u00a0Il bigotto \u00e8 un oratore sordo come una campana!\u00a0 (un prete che conosco io) La saggezza cessa di esser saggezza quando diventa troppo orgogliosa per piangere , troppo seria per ridere e troppo piena di s\u00e9 per vedere altro che se stessa.\u00a0 Quanto sei disattento quando vuoi che gli uomini volino con le tue ali e non sai dar loro nemmeno una piuma!<\/h4>\n<h4>Kahlil Gibran<\/h4>\n<p>&nbsp;<\/p>\n<h4 style=\"text-align: right;\">22\/09\/2025<\/h4>\n<p>&nbsp;<\/p>\n<h4>Dott.Robert e Linda\u00a0 \u00a0Come fa il tuo libro &#8220;I poteri dell&#8217;anima &#8221; ad essere su Anima Luzzara e poi il prezzo fissato a 2 e 70 euro?\u00a0 Come si permettono?<\/h4>\n<p>&nbsp;<\/p>\n<p>&nbsp;<\/p>\n<h4>Elena\u00a0 Le mafie fanno di tutto,\u00a0 lo devono sminuire per dare spazio a chi mi ha copiato il titolo;\u00a0 ma si pentiranno anche questi,\u00a0 vedrai che sorpresina che gli preparer\u00f2!<\/h4>\n<p>&nbsp;<\/p>\n<h4>Dott. Robert e Linda\u00a0 Nessuno deve dirti quando e quanto devi scrivere!\u00a0 Non si devono permettere!<\/h4>\n<p>&nbsp;<\/p>\n<h4>Elena\u00a0 Non temete,\u00a0 nessuno riuscir\u00e0 a dirmi quello che devo o non devo fare!<\/h4>\n<h4>Elena\u00a0 A me fa piacere se apprezzano quello che scrivo!<\/h4>\n<h4>Robert e Linda\u00a0 S\u00ec,\u00a0 ma non devono sminuire per schiacciarti!<\/h4>\n<p>&nbsp;<\/p>\n<h4>Elena\u00a0 Sapeste che non me ne pu\u00f2 fregar di meno!<\/h4>\n<p>&nbsp;<\/p>\n<h4 style=\"text-align: right;\">22\/09\/2025<\/h4>\n<p>&nbsp;<\/p>\n<h4>Anna\u00a0 Perch\u00e9 la Madonnina Celeste non si fa vedere anche dagli altri e non ascolta le numerose preghiere fatte in tutto il mondo? Grazie!<\/h4>\n<p>&nbsp;<\/p>\n<h4>Elena\u00a0 IL perch\u00e9 \u00e8 chiaro,\u00a0 \u00e8 la met\u00e0 di chi prega che non \u00e8 leale!\u00a0 Non vedi che se a molti di loro\u00a0 dici che hai visto lo Spirito Santo ti deridono,\u00a0 proprio loro che dovrebbero crederci pi\u00f9 degli altri!\u00a0 Hanno persino negato le apparizioni della Madonna a Medjugorje!\u00a0 E anche della Madonna di Fatima.\u00a0 Eppure \u00e8 sempre la stessa Madonna di Lourdes e quella di Guadalupe.\u00a0 Per me se non si pulisce tutta questa menzogna non se ne far\u00e0 niente.<\/h4>\n<p>&nbsp;<\/p>\n<h4>Il vero giusto \u00e8 colui che si sente in parte colpevole dei tuoi misfatti!<\/h4>\n<h4>kahlil Gibran<\/h4>\n<h4 style=\"text-align: right;\">22\/09\/2025<\/h4>\n<p>&nbsp;<\/p>\n<h4>Annalisa\u00a0 \u00a0Ti piacerebbe diventare una Santa?\u00a0 Grazie!<\/h4>\n<p>&nbsp;<\/p>\n<h4>Elena\u00a0 Non potrei andarmene par diventare una Santa perch\u00e9 sarei un&#8217;ingrata nei confronti del Cielo e della vita.\u00a0 Mi hanno detto che davanti a me ho ancora molto tempo.\u00a0 Mi hanno donato un&#8217;ottima salute sia fisica che mentale,\u00a0 come potrei rifiutare tutto questo\u00a0 se mi \u00e8 stato donato?\u00a0 Non mi va di disubbidire a ordini che stanno pi\u00f9 in alto di tutti,\u00a0 e poi sono fortunata a vedere e a sentire cose meravigliose che vorrei condividere con il mondo intero.\u00a0 Chiss\u00e0 forse un giorno succeder\u00e0 anche questo.<\/h4>\n<p>&nbsp;<\/p>\n<h4>Annalisa\u00a0 Si dice di te che sei stata fidanzata con un Vescovo,\u00a0 \u00e8 vero? Grazie!<\/h4>\n<p>&nbsp;<\/p>\n<h4>Elena\u00a0 Chiss\u00e0 da dove viene questa bufala?\u00a0 Non sono mai stata fidanzata ne innamorata con nessuno prima di sposarmi con mio marito n\u00e9 dopo .\u00a0 Ho frequentato la Chiesa ma\u00a0 non \u00e8 mai successo nulla n\u00e9\u00a0 con un Vescovo,\u00a0 n\u00e9 con un Prete e nemmeno con un Frate. E adesso ti sarei grata se non mi facessi pi\u00f9 domande come queste!<\/h4>\n<h4 style=\"text-align: right;\">22\/09\/2025<\/h4>\n<p>&nbsp;<\/p>\n<h4>Arianna\u00a0 \u00a0Mia madre mi ha detto che potevo venire qui,\u00a0 cos\u00ec ho approfittato;\u00a0 non vorrei annoiarti ma le cose stanno cos\u00ec:\u00a0 io vorrei sapere se Gemelli e Toro sono due segni compatibili,\u00a0 o non ci credi pi\u00f9 a queste cose?\u00a0 Grazie!<\/h4>\n<p>&nbsp;<\/p>\n<h4>Elena\u00a0 \u00a0Ma a volte fare delle previsioni sulle persone che mi conoscono \u00e8 divertente.\u00a0 Allora,\u00a0 il contatto tra questi due segni \u00e8 spesso deprimente:\u00a0 Il Gemelli d\u00e0 l&#8217;impressione di non prendere niente sul serio,\u00a0 mentre il Toro fa tutto quello che pu\u00f2 per non avere mai l&#8217;aria scherzosa.\u00a0 Il Toro \u00e8 solidamente installato nella vita,\u00a0 assimila le novit\u00e0,\u00a0 solo per un paziente sforzo mentale.\u00a0 Il Gemelli meno sicuro di s\u00e9,\u00a0 ostenta disinteresse verso le situazioni noiose e se ne libera con agilit\u00e0 di un folletto.\u00a0 Il lento e il rapido non possono comprendersi: \u00e8 una questione di ritmo e qui \u00e8 totalmente in disaccordo.\u00a0 Il Toro \u00e8 poco incline all&#8217;ironia,\u00a0 ne coglie il lato offensivo,\u00a0 ne fa un affare personale. Inoltre si vendica con l&#8217;inesorabilit\u00e0 di un cane rabbioso poich\u00e9 non riesce a controllare la sua reazione n\u00e9 a adattarsi, ed il Gemelli trattato come uno studentello,\u00a0 insiste con le sue frasi immerse nel fiele.\u00a0 Immaginiamo una scena di gelosia fra questi due segni,\u00a0 credo che rimarranno degli orribili rancori. Il Gemelli non ha nessun rimpianto per illusioni ingannevoli,\u00a0 \u00e8 maestro della grammatica fantastica;\u00a0 mentre il Toro va a trovare il pelo nell&#8217;uovo per poterti fare sentire in colpa o sbranarti in qualche modo.<\/h4>\n<h4>(Questo \u00e8 quello che penso ,\u00a0 poi decidi tu senza per\u00f2 portarmi rancore se ci dovessi indovinare).<\/h4>\n<p>&nbsp;<\/p>\n<h4 style=\"text-align: right;\">23\/09\/2025<\/h4>\n<p>&nbsp;<\/p>\n<h4>Federica\u00a0 \u00a0Sai\u00a0 ho la conferma\u00a0 che aspetto un altro bambino.\u00a0 Sei contenta per me?\u00a0 Sarai madrina un&#8217; altra volta.<\/h4>\n<p>&nbsp;<\/p>\n<h4>Elena\u00a0 Sono felicissima anche per me non solo per voi,\u00a0 cos\u00ec avr\u00f2 un altro figlioccio come la tua piccola;\u00a0 Meraviglioso!<\/h4>\n<p>&nbsp;<\/p>\n<p style=\"text-align: center;\"><img loading=\"lazy\" decoding=\"async\" class=\"alignnone size-medium wp-image-56899\" src=\"https:\/\/elenalasagna.it\/wp-content\/uploads\/2025\/08\/DSC01441-300x225.jpg\" alt=\"\" width=\"300\" height=\"225\" srcset=\"https:\/\/elenalasagna.it\/wp-content\/uploads\/2025\/08\/DSC01441-300x225.jpg 300w, https:\/\/elenalasagna.it\/wp-content\/uploads\/2025\/08\/DSC01441-1024x768.jpg 1024w, https:\/\/elenalasagna.it\/wp-content\/uploads\/2025\/08\/DSC01441-768x576.jpg 768w, https:\/\/elenalasagna.it\/wp-content\/uploads\/2025\/08\/DSC01441-1536x1152.jpg 1536w, https:\/\/elenalasagna.it\/wp-content\/uploads\/2025\/08\/DSC01441-2048x1536.jpg 2048w\" sizes=\"auto, (max-width: 300px) 100vw, 300px\" \/><\/p>\n<p>&nbsp;<\/p>\n<h4 style=\"text-align: right;\">23\/09\/2025<\/h4>\n<p>&nbsp;<\/p>\n<h4>\u00a0Federica\u00a0 Vorrei tanto che mi dicessi che presto le guerre cesseranno.\u00a0 Io non resisto pi\u00f9 al solo pensiero di questi criminali.<\/h4>\n<p>&nbsp;<\/p>\n<h4>Elena\u00a0 I criminali come dici tu,\u00a0 non si fermeranno mai sempre che non ci sia qualcuno che li fermi.\u00a0 Loro giocano con le vite umane per divertimento e per potere.\u00a0 Si fermeranno solo quando avranno reso al suolo delle nazioni,\u00a0 \u00e8 cos\u00ec da sempre! Rovinano il mondo solo per appropriarsi delle loro terre e dei loro beni.\u00a0 Questo tipo di potere \u00e8 dato dall&#8217;autorit\u00e0.\u00a0 Quale sia la natura di questo tipo di potere,\u00a0 da cosa derivi,\u00a0 come sia possibile riconoscerlo,\u00a0 come agisce:\u00a0 sono questi gli interrogativi,\u00a0 e le risposte convenzionali non riescono ad essere soddisfacenti. L&#8217;autorit\u00e0 pu\u00f2 derivare da un&#8217;impresa eccezionale,\u00a0 ma anche questa non \u00e8 garantita,\u00a0 perch\u00e9 la competenza specifica non conferisce necessariamente quell&#8217;autorevolezza pi\u00f9 vasta che \u00e8 il rispetto.\u00a0 L&#8217;esperienza sul campo pu\u00f2 contribuire all&#8217;autorit\u00e0,\u00a0 ma la riflessione poi pu\u00f2 dimostrarsi proporzionalmente pi\u00f9 significativa.\u00a0 La capacit\u00e0 di esprimere pareri autorevoli in relazione alla politica educativa,\u00a0 capacit\u00e0 richiesta per essere ammessi a fare parte di esperti ecc.\u00a0 Sono gli altri ad accordare l&#8217;autorit\u00e0,\u00a0 che non pu\u00f2 essere conferita dalla sola individualit\u00e0.\u00a0 L&#8217;autorit\u00e0 \u00e8 dunque socetaria,\u00a0 proprio come il s\u00e9 \u00e8 comunitario.\u00a0 Noi ci apparteniamo l&#8217;un l&#8217;altro e il riconoscimento da parte degli altri,\u00a0 delle qualit\u00e0 che ciascuna persona incarna \u00e8 fondamentalmente l&#8217;umana consapevolezza.\u00a0 L&#8217;autorit\u00e0 pu\u00f2 anche essere intrinseca,\u00a0 ma non c&#8217;\u00e8 veramente fin quando non riceve una conferma da parte del mondo.\u00a0 \u00a0L&#8217;autorit\u00e0 conferisce un potere enorme,\u00a0 una sola voce pu\u00f2 influenzarne mille.\u00a0 Il potenziale della tirannia \u00e8 sempre l\u00ec,\u00a0 nel momento in cui si esercita\u00a0 la propria autorit\u00e0.\u00a0 Dice Shakespeare:\u00a0 &#8221; Il nascondimento,\u00a0 il disinteresse,\u00a0 l&#8217;indipendenza,\u00a0 sembrano essere corollari indispensabili dell&#8217;autorit\u00e0.<\/h4>\n<h4>Federica\u00a0 quando succedono certe cose strane,\u00a0 \u00e8 vero che ci sono dei demoni in giro?<\/h4>\n<p>&nbsp;<\/p>\n<h4>Elena\u00a0 Strane come mettere odio nella famiglia?\u00a0 Come \u00e8 successo a me con certi miei parenti?\u00a0 Non lo so se sono i demoni oppure la cattiveria dettata dell&#8217;invidia;\u00a0 ma non perch\u00e9 queste persone siano da invidiare, ma perch\u00e9 i cattivi non vorrebbero che vivessero,\u00a0 quindi pu\u00f2 darsi che siano proprio dei demoni installati in queste persone che prima non erano cos\u00ec cattive.<\/h4>\n<p>&nbsp;<\/p>\n<h4>Ciao\u00a0 Fede,\u00a0 questa sera mi guarder\u00f2 &#8220;Padre Pio&#8221;. E tu?<\/h4>\n<p>&nbsp;<\/p>\n<h4 style=\"text-align: right;\">24\/09\/2025<\/h4>\n<p>&nbsp;<\/p>\n<h3 style=\"text-align: center;\">GUERRA<\/h3>\n<p>&nbsp;<\/p>\n<h4 style=\"text-align: center;\">Echeggiano nell&#8217;aria<\/h4>\n<h4 style=\"text-align: center;\">suon di spari,\u00a0 fitte di mitraglie<\/h4>\n<h4 style=\"text-align: center;\">Fiori di fuoco,\u00a0 il cammino della notte vanno ad illuminar.<\/h4>\n<h4 style=\"text-align: center;\">Nel silente fiume si specchiano le ombre senza volto<\/h4>\n<h4 style=\"text-align: center;\">La notte ha nascosto le sue stelle<\/h4>\n<h4 style=\"text-align: center;\">Il nero fumo sale e copre il blu del cielo<\/h4>\n<h4 style=\"text-align: center;\">Il fuoco circonda le montagne,\u00a0 sta prosciugando il fiume.<\/h4>\n<h4 style=\"text-align: center;\">Un grido prolungato,\u00a0 una sirena!<\/h4>\n<h4 style=\"text-align: center;\">La realt\u00e0 richiama.<\/h4>\n<h4 style=\"text-align: center;\">Le gioie della vita van perdute,\u00a0 le illusioni<\/h4>\n<h4 style=\"text-align: center;\">Rimangono sepolte con tutte le speranze.<\/h4>\n<h4 style=\"text-align: center;\">L&#8217;alba mostrer\u00e0 il suo cielo,\u00a0 il dolore spaccher\u00e0 le pietre<\/h4>\n<h4 style=\"text-align: center;\">L&#8217;imbrunire muter\u00e0 la luce in oro opaco.\u00a0 Verr\u00e0 la notte<\/h4>\n<h4 style=\"text-align: center;\">Si vedranno nelle madri,\u00a0 nei figli,\u00a0 e nelle mogli,\u00a0 il fuoco<\/h4>\n<h4 style=\"text-align: center;\">Dentro gli occhi,\u00a0 i loro visi terrei e la loro anima<\/h4>\n<h4 style=\"text-align: center;\">Che muore nella morte!<\/h4>\n<p>&nbsp;<\/p>\n<h4>Elena L.\u00a0 Da &#8220;Nella mente e nel cuore&#8221;.<\/h4>\n<p>&nbsp;<\/p>\n<h4 style=\"text-align: right;\">24\/09\/2025<\/h4>\n<p>&nbsp;<\/p>\n<h4>Annalisa\u00a0 \u00a0Sai che piaci a molta gente?\u00a0 Sei sincera,\u00a0 leale,\u00a0 e non bigotta;\u00a0 dici la verit\u00e0 a costo di farti delle inimicizie da parte di chi non \u00e8 come te,\u00a0 perch\u00e9 in realt\u00e0 raccontano menzogne su menzogne e le girano a loro piacimento!<\/h4>\n<p>&nbsp;<\/p>\n<h4>Elena\u00a0 Detto da te mi fa sentire\u00a0 bene,\u00a0 tu che hai sempre avuto non dico antipatia nei miei confronti ma diciamo che ti comportavi come un bulldozer, senza grazia,\u00a0 per\u00f2 anche tu sincera,\u00a0 mi hai conquistato.<\/h4>\n<p>&nbsp;<\/p>\n<h4>Annalisa\u00a0 Non bisognerebbe mai ascoltare gli altri ma verificare di persona, ecco il mio errore.<\/h4>\n<p>&nbsp;<\/p>\n<h4>Elena\u00a0 Riconoscere i propri errori \u00e8 da grandi!\u00a0 Ciao,\u00a0 Grazie! Cado dal sonno.<\/h4>\n<h4 style=\"text-align: right;\">25\/09\/2025<\/h4>\n<p>&nbsp;<\/p>\n<h4>Annalisa\u00a0 Se ti dovessero dare una cifra di denaro per tutto quello che ti hanno fatto passare per la tua identit\u00e0 rubata,\u00a0 tu accetteresti?<\/h4>\n<p>&nbsp;<\/p>\n<h4>Elena\u00a0 Ma neanche se fossero milioni! Non mi terrei nemmeno un centesimo,\u00a0 li darei a chi ne ha pi\u00f9 bisogno di me.<\/h4>\n<p>&nbsp;<\/p>\n<h4>Elena\u00a0 Ciao Fede,\u00a0 ti do la buona notte adesso perch\u00e9 vado in camera mia a scrivere delle lettere.\u00a0 Arrivederci! Abbi cura di Te.<\/h4>\n<p>&nbsp;<\/p>\n<h4>Elena\u00a0 Ho preso la mia decisione,\u00a0 non andr\u00f2 pi\u00f9 in Africa perch\u00e9 non voglio far soffrire le persone che mi vogliono bene davvero.<\/h4>\n<p>&nbsp;<\/p>\n<p>&nbsp;<\/p>\n<p>&nbsp;<\/p>\n<p>&nbsp;<\/p>\n<h4><\/h4>\n<p>&nbsp;<\/p>\n<h4><\/h4>\n<p>&nbsp;<\/p>\n<p>&nbsp;<\/p>\n<p>&nbsp;<\/p>\n<p style=\"text-align: center;\">\n","protected":false},"excerpt":{"rendered":"<p>20\/09\/2025 &nbsp; &nbsp; Roma &nbsp; Patty\u00a0 \u00a0Sono preoccupata per Marco,\u00a0 lo vedo gi\u00f9,\u00a0 non avrebbe nulla da rattristarsi,\u00a0 \u00e8 bravo,\u00a0 non gli manca niente,\u00a0 insomma io vivo per lui,\u00a0 che cosa potrei fare di pi\u00f9?\u00a0 Grazie! &nbsp; Elena\u00a0 Forse ascoltarlo di pi\u00f9 ed entrare in empatia,\u00a0 dico forse.\u00a0 Mente e cuore nascondono fino ad un [&hellip;]<\/p>\n","protected":false},"author":2,"featured_media":0,"comment_status":"open","ping_status":"open","sticky":false,"template":"","format":"standard","meta":{"footnotes":""},"categories":[6,1],"tags":[],"class_list":["post-57421","post","type-post","status-publish","format-standard","hentry","category-dialogando-con-voi","category-uncategorized"],"_links":{"self":[{"href":"https:\/\/elenalasagna.it\/index.php?rest_route=\/wp\/v2\/posts\/57421","targetHints":{"allow":["GET"]}}],"collection":[{"href":"https:\/\/elenalasagna.it\/index.php?rest_route=\/wp\/v2\/posts"}],"about":[{"href":"https:\/\/elenalasagna.it\/index.php?rest_route=\/wp\/v2\/types\/post"}],"author":[{"embeddable":true,"href":"https:\/\/elenalasagna.it\/index.php?rest_route=\/wp\/v2\/users\/2"}],"replies":[{"embeddable":true,"href":"https:\/\/elenalasagna.it\/index.php?rest_route=%2Fwp%2Fv2%2Fcomments&post=57421"}],"version-history":[{"count":83,"href":"https:\/\/elenalasagna.it\/index.php?rest_route=\/wp\/v2\/posts\/57421\/revisions"}],"predecessor-version":[{"id":57534,"href":"https:\/\/elenalasagna.it\/index.php?rest_route=\/wp\/v2\/posts\/57421\/revisions\/57534"}],"wp:attachment":[{"href":"https:\/\/elenalasagna.it\/index.php?rest_route=%2Fwp%2Fv2%2Fmedia&parent=57421"}],"wp:term":[{"taxonomy":"category","embeddable":true,"href":"https:\/\/elenalasagna.it\/index.php?rest_route=%2Fwp%2Fv2%2Fcategories&post=57421"},{"taxonomy":"post_tag","embeddable":true,"href":"https:\/\/elenalasagna.it\/index.php?rest_route=%2Fwp%2Fv2%2Ftags&post=57421"}],"curies":[{"name":"wp","href":"https:\/\/api.w.org\/{rel}","templated":true}]}}