{"id":57050,"date":"2025-08-28T15:08:34","date_gmt":"2025-08-28T15:08:34","guid":{"rendered":"https:\/\/elenalasagna.it\/?p=57050"},"modified":"2025-09-24T14:20:37","modified_gmt":"2025-09-24T14:20:37","slug":"dialogando-con-voi-19","status":"publish","type":"post","link":"https:\/\/elenalasagna.it\/?p=57050","title":{"rendered":"DIALOGANDO CON VOI"},"content":{"rendered":"<h4 style=\"text-align: right;\">28\/08\/2025<\/h4>\n<p>&nbsp;<\/p>\n<p>&nbsp;<\/p>\n<p style=\"text-align: center;\"><img loading=\"lazy\" decoding=\"async\" class=\"alignnone wp-image-57051\" src=\"https:\/\/elenalasagna.it\/wp-content\/uploads\/2025\/08\/DSC01465-300x225.jpg\" alt=\"\" width=\"375\" height=\"281\" srcset=\"https:\/\/elenalasagna.it\/wp-content\/uploads\/2025\/08\/DSC01465-300x225.jpg 300w, https:\/\/elenalasagna.it\/wp-content\/uploads\/2025\/08\/DSC01465-1024x768.jpg 1024w, https:\/\/elenalasagna.it\/wp-content\/uploads\/2025\/08\/DSC01465-768x576.jpg 768w, https:\/\/elenalasagna.it\/wp-content\/uploads\/2025\/08\/DSC01465-1536x1152.jpg 1536w, https:\/\/elenalasagna.it\/wp-content\/uploads\/2025\/08\/DSC01465-2048x1536.jpg 2048w\" sizes=\"auto, (max-width: 375px) 100vw, 375px\" \/><\/p>\n<p>&nbsp;<\/p>\n<h3>Linda\u00a0 \u00a0Che cosa ne pensi dei campi di sterminio?<\/h3>\n<p>&nbsp;<\/p>\n<p>&nbsp;<\/p>\n<h3>Elena\u00a0 \u00a0I campi di sterminio continuano a far parte della nostra coscienza,\u00a0 non soltanto per ricordarci la capacit\u00e0 che ha l&#8217;uomo di compiere attrocit\u00e0,\u00a0 il potenziale patologico della tecnologia sistematica, la virulenza del razzismo,\u00a0 l&#8217;esistenza del male.\u00a0 Quei campi continuano a far parte della nostra coscienza,\u00a0 perch\u00e9 la devozione all&#8217;efficienza \u00e8 ancora viva nell&#8217;inconscio della psiche occidentale;\u00a0 ci vorr\u00e0 ancora tempo e sempre di pi\u00f9,\u00a0 e questo continua a spingere in avanti la civilt\u00e0 occidentale.<\/h3>\n<p>&nbsp;<\/p>\n<p>&nbsp;<\/p>\n<h4 style=\"text-align: right;\">29\/08\/2025<\/h4>\n<p>&nbsp;<\/p>\n<h3>Linda\u00a0 \u00a0Che cos&#8217;\u00e8 che spinge una persona (non un religioso) a professare sui giovani la purezza a tutti i costi,\u00a0 per diventare dei santi?<\/h3>\n<p>&nbsp;<\/p>\n<p>&nbsp;<\/p>\n<h3>Elena\u00a0 Indubbiamente la purezza \u00e8 una tirannia sulla vita stessa,\u00a0 e manifesta il potere di un unico s\u00e8 sulle richieste della vita degli altri.\u00a0 Mentre il potere spirituale \u00e8 pi\u00f9 in alto non \u00e8\u00a0 contaminato dai fatti della vita perch\u00e9 dovrebbe essere al di sopra del denaro,\u00a0 del prestigio e della fama,\u00a0 la supremanzia \u00e8 la sua autorit\u00e0.<\/h3>\n<p>&nbsp;<\/p>\n<p>&nbsp;<\/p>\n<h3>Linda\u00a0 \u00a0Hai mai detto a qualcuno cose importanti di cuore che non fossero vere?\u00a0 Grazie!<\/h3>\n<p>&nbsp;<\/p>\n<h3>Elena\u00a0 No,\u00a0 mai,\u00a0 \u00e8 tutto vero.<\/h3>\n<p>&nbsp;<\/p>\n<p>&nbsp;<\/p>\n<h3>Linda\u00a0 \u00a0Ti sei mai innamorata di un uomo molto pi\u00f9 giovane di te?\u00a0 Grazie!<\/h3>\n<p>&nbsp;<\/p>\n<p>&nbsp;<\/p>\n<h3>Elena\u00a0 No,\u00a0 assolutamente,\u00a0 sono stata a contatto con molti giovani,\u00a0 ma c&#8217;\u00e8 sempre stato un rapporto di sobria amicizia.\u00a0 \u00a0Mi piace stare in compagnia con tutti,\u00a0 vecchi,\u00a0 bambini,\u00a0 giovani e miei coetanei,\u00a0 ma quando si tratta di amicizia,\u00a0 quella deve essere.<\/h3>\n<p>&nbsp;<\/p>\n<p>&nbsp;<\/p>\n<h4 style=\"text-align: right;\">29\/08\/2025<\/h4>\n<p>&nbsp;<\/p>\n<h3>Alessandra\u00a0 \u00a0Che importanza ha l&#8217;espressione del volto in un discorso al pubblico?\u00a0 \u00c8 per mia figlia,\u00a0 \u00e8 timida.\u00a0 Grazie.<\/h3>\n<p>&nbsp;<\/p>\n<p>&nbsp;<\/p>\n<h3>Elena\u00a0 \u00a0Il volto invia molto a chi ci sta gurdando,\u00a0 fornisce dati relativi alla nostra personalit\u00e0,\u00a0 dice pi\u00f9 cose di quante noi crediamo di esprimere. Ma il volto per chi parla \u00e8 anche uno specchio interattivo.\u00a0 I segnali che partono dal viso vengono usati con estrema velocit\u00e0,\u00a0 per arricchire i significati delle espressioni:\u00a0 basta un&#8217;espressione del volto per significare approvazione e disapprovazione ecc.<\/h3>\n<p>&nbsp;<\/p>\n<h3>Alessandra\u00a0 Quando si parla \u00e8 bene guardare la gente negli occhi oppure no?<\/h3>\n<p>&nbsp;<\/p>\n<h3>Elena\u00a0 Guardare negli occhi la gente mentre si parla \u00e8 bene perch\u00e9 si esprime sicurezza in quello che\u00a0 si dice,\u00a0 ma se si esagera poi avremo l&#8217;effetto contrario,\u00a0 pu\u00f2 mettere in imbarazzo chi ascolta. Sguardo e parola formano un sistema perfettamente integrato di comunicazione.<\/h3>\n<p>&nbsp;<\/p>\n<h3>Alessandra\u00a0 \u00a0Lei \u00e8 anche molto indecisa.<\/h3>\n<h3><\/h3>\n<h3>\u00a0 La persona indecisa non sa da che parte stare,\u00a0 \u00e8 un&#8217;espressione di condanna.\u00a0 La decisione libera il tutto,\u00a0 in quanto essenza stessa dell&#8217;agire,\u00a0 e poi la decisione potrebbe essere il risultato di esaurienti riflessioni,\u00a0 oppure no. Questa visione del modo di decidere d\u00e0 troppo credito alla ragione.\u00a0 La radice del termine decisione (caedo credere) rimanda il significato di percuotere,\u00a0 quindi esiste anche una via di mezzo che non dia segnali negativi.<\/h3>\n<p>&nbsp;<\/p>\n<h3>Annalisa\u00a0 \u00a0Qual\u00e8 il tuo imminente futuro?<\/h3>\n<p>&nbsp;<\/p>\n<h3>Elena\u00a0 La vita per me \u00e8 intesa nel suo potente valore,\u00a0 si \u00e8 sempre proposta con impeto vigoroso e appassionato,\u00a0 per\u00f2 quest&#8217;anno sar\u00e0 molto meno sbilanciata e irrazionale,\u00a0 rispetto al passato,\u00a0 ma cercher\u00f2 di trovare ancora luce in quei labirinti,\u00a0 non per me ovviamente.\u00a0 Il tempo non lo far\u00f2 correre precipitosamente verso mete estranee,\u00a0 seguir\u00f2 linee meno agitate e pi\u00f9 comprensibili.<\/h3>\n<h4 style=\"text-align: right;\"><\/h4>\n<h4><\/h4>\n<p>&nbsp;<\/p>\n<h4 style=\"text-align: right;\">30\/08\/2025<\/h4>\n<p>&nbsp;<\/p>\n<h3>Patty\u00a0 \u00a0Devo dirti che Marco si \u00e8 ripreso,\u00a0 voleva contattarti prima ma gli ho detto che non era il caso disturbarti oggi che \u00e8 sabato.\u00a0 Si sono lasciati,\u00a0 lei non gli ha neanche chiesto scusa,\u00a0 ed \u00e8 cos\u00ec che va il mondo.<\/h3>\n<p>&nbsp;<\/p>\n<h3>Elena\u00a0 Mi dispiace,\u00a0 anche perch\u00e9\u00a0 lei sembrava a posto,\u00a0 anzi voleva il matrimonio con dei figli ecc.\u00a0 Sai che ti dico?:\u00a0 se Marco ha deciso cos\u00ec significa che non era felice e non lo sarebbe stato mai.\u00a0 Gli amori grandi durano tanto,\u00a0 si ameranno anche oltre la morte;\u00a0 questo era troppo terreno.\u00a0 A domani.<\/h3>\n<p>&nbsp;<\/p>\n<p>&nbsp;<\/p>\n<h3>Elena\u00a0 \u00a0Diglielo tu a Marco che anche lui ha sbagliato.\u00a0 Le ragazze di oggi anche se amano andare avanti con i tempi,\u00a0 l&#8217;amore resta sempre quello,\u00a0 fa parte dei valori pi\u00f9 importanti che esistano;\u00a0 quindi quando una cosa \u00e8 grande,\u00a0 non va trattata con dei limiti solo terreni,\u00a0 ma c&#8217;\u00e8 anche la parte dell&#8217;anima.\u00a0 Lui \u00e8 intelligente,\u00a0 lo capir\u00e0 .\u00a0 Se ha bruciato i tempi subito significa che quella storia era destinata a finire,\u00a0 come castelli fatti sulla sabbia.<\/h3>\n<p>&nbsp;<\/p>\n<h4 style=\"text-align: right;\">31\/08\/2025<\/h4>\n<p>&nbsp;<\/p>\n<p>&nbsp;<\/p>\n<h3>\u00a0 \u00a0 Cosa pensi dell&#8217;intelligenza artificiale?<\/h3>\n<p>&nbsp;<\/p>\n<p>&nbsp;<\/p>\n<h3>Il C.\u00a0 Deleterio !\u00a0 Un&#8217;arma in pi\u00f9 in mano ai potenti! All&#8217;inizio sembrer\u00e0 efficace,\u00a0 ma hanno gi\u00e0 fatto il loro disegno!\u00a0 Un tira e molla dei giochetti&#8230; Canceller\u00e0 dal mondo la verit\u00e0 della nostra esistenza;\u00a0 i potenti la useranno contro gli umani e spazzeranno via tutti i valori e tutte le religioni, camuffando l&#8217;intelligenza umana per i loro scopi distruttivi! Rubando meriti e tutto il resto a chi l&#8217;intelligenza la sa usare davvero,\u00a0 sia uomini che donne!\u00a0 Come il nazismo!\u00a0 Se non si fermeranno in futuro ci saranno ancora guerre pi\u00f9 crudeli e l&#8217;umanit\u00e0 verr\u00e0 stesa al suolo o eliminata per sempre.\u00a0 L&#8217;intelligenza artificiale non pensa come l&#8217;umano:\u00a0 \u00e8 stata creata dall&#8217;uomo,\u00a0 ma l&#8217;umano ha delle potenzialit\u00e0 ancora nascoste e immense!<\/h3>\n<h3><\/h3>\n<p>&nbsp;<\/p>\n<p style=\"text-align: center;\"><img loading=\"lazy\" decoding=\"async\" class=\"alignnone size-medium wp-image-57091\" src=\"https:\/\/elenalasagna.it\/wp-content\/uploads\/2025\/08\/DSC01469-300x225.jpg\" alt=\"\" width=\"300\" height=\"225\" srcset=\"https:\/\/elenalasagna.it\/wp-content\/uploads\/2025\/08\/DSC01469-300x225.jpg 300w, https:\/\/elenalasagna.it\/wp-content\/uploads\/2025\/08\/DSC01469-1024x768.jpg 1024w, https:\/\/elenalasagna.it\/wp-content\/uploads\/2025\/08\/DSC01469-768x576.jpg 768w, https:\/\/elenalasagna.it\/wp-content\/uploads\/2025\/08\/DSC01469-1536x1152.jpg 1536w, https:\/\/elenalasagna.it\/wp-content\/uploads\/2025\/08\/DSC01469-2048x1536.jpg 2048w\" sizes=\"auto, (max-width: 300px) 100vw, 300px\" \/><\/p>\n<h3 style=\"text-align: center;\">ARCANGELO\u00a0 GABRIELE ?<\/h3>\n<p>&nbsp;<\/p>\n<h4>Annalisa\u00a0 Sei sicura che fosse L&#8217;arcangelo Gabriele?\u00a0 \u00a0E non Mercurio,\u00a0 il messaggero degli dei?<\/h4>\n<p>&nbsp;<\/p>\n<h4>Elena\u00a0 All&#8217;inizio non sapevo che cosa fossero,\u00a0 poi ho confrontato i particolari con quelli del sogno,\u00a0 ed ecco il risultato;\u00a0 Mercurio ha un altro aspetto!<\/h4>\n<p>&nbsp;<\/p>\n<p>&nbsp;<\/p>\n<h4 style=\"text-align: right;\">02\/09\/2025<\/h4>\n<p>&nbsp;<\/p>\n<h3>Marco\u00a0 \u00a0Scusami se stamane ti ho disturbato,\u00a0 non sapevo che fossi in preghiera.\u00a0 Possiamo continuare oggi pomeriggio?\u00a0 Sei libera?\u00a0 Grazie.<\/h3>\n<p>&nbsp;<\/p>\n<h3>Elena\u00a0 L&#8217;educazione non mi disturba mai!\u00a0 In quanto a oggi pomeriggio sar\u00f2 libera dalle ore sedici alle diciotto.\u00a0 Ciao.<\/h3>\n<p>&nbsp;<\/p>\n<h3>Eccoci Marco\u00a0 Dicevi che avresti piacere di pubblicare la mia poesia R\u00caVE ?\u00a0 Va bene,\u00a0 la scrissi nel 2008 e la pubblicarono nel 2009 nel testo di\u00a0 &#8220;Nella mente e nel cuore&#8221;.<\/h3>\n<p>&nbsp;<\/p>\n<h3 style=\"text-align: center;\"><em>R\u00caVE\u00a0 (SOGNO)<\/em><\/h3>\n<p>&nbsp;<\/p>\n<h3 style=\"text-align: center;\">Messaggero d&#8217;amore che circondi<\/h3>\n<h3 style=\"text-align: center;\">i giorni e le mie notti;\u00a0 chiudere gli occhi e<\/h3>\n<h3 style=\"text-align: center;\">abbandonarsi in un profondo sonno<\/h3>\n<h3 style=\"text-align: center;\">essere immersi nel silenzio.<\/h3>\n<h3 style=\"text-align: center;\">La Terra s&#8217;inchina sotto la tua forza<\/h3>\n<h3 style=\"text-align: center;\">Gli uomini non hanno cuore e non<\/h3>\n<h3 style=\"text-align: center;\">hanno tenerezza,\u00a0 sono subdoli dici<\/h3>\n<h3 style=\"text-align: center;\">non mantengono parola.<\/h3>\n<h3 style=\"text-align: center;\">La tua Terra \u00e8 argentea sotto il cielo terso<\/h3>\n<h3 style=\"text-align: center;\">cambia colore<\/h3>\n<h3 style=\"text-align: center;\">nel punto in cui s&#8217;incontra con la mia.<\/h3>\n<p>&nbsp;<\/p>\n<h3 style=\"text-align: center;\">La notte sei privo d&#8217;ornamento<\/h3>\n<h3 style=\"text-align: center;\">ma il tuo splendore incanta gli occhi.<\/h3>\n<h3 style=\"text-align: center;\">I tuoi cavalieri hanno un portamento altero<\/h3>\n<h3 style=\"text-align: center;\">nel silenzio voltano i cavalli,\u00a0 scompaiono<\/h3>\n<h3 style=\"text-align: center;\">come per magia sotto un lieve velo<\/h3>\n<h3 style=\"text-align: center;\">L\u00e0 dove sorge il sole.<\/h3>\n<p>&nbsp;<\/p>\n<p>&nbsp;<\/p>\n<h3>Marco\u00a0 Che bella!<\/h3>\n<h3>Elena\u00a0 Grazie Marco!<\/h3>\n<h3>Elena\u00a0 E adesso passiamo a quello che mi hai chiesto:\u00a0 l&#8217;elettrocardiogramma (nella categoria della salute).<\/h3>\n<h3>Marco\u00a0 Grazie!<\/h3>\n<p>&nbsp;<\/p>\n<h4 style=\"text-align: right;\">03\/09\/2025<\/h4>\n<p>&nbsp;<\/p>\n<h3>Federica e Alessandro\u00a0 \u00a0Oggi pomeriggio toccher\u00e0 a noi,\u00a0 l&#8217;orario \u00e8 sempre lo stesso?\u00a0 Grazie!<\/h3>\n<p>&nbsp;<\/p>\n<h3>Elena\u00a0 S\u00ec,\u00a0 \u00a0dalle sedici alle diciotto.<\/h3>\n<p>&nbsp;<\/p>\n<h4 style=\"text-align: right;\">03\/09\/2025<\/h4>\n<p>&nbsp;<\/p>\n<h3>Alessandro e Federica\u00a0 \u00a0Il nostro problema,\u00a0 ossia abbiamo una paura che ci insegue \u00e8 quella del settimo anno di matrimonio.\u00a0 \u00c8 vero che \u00e8 probabile che molte coppie si separino?\u00a0 Io ne ho gi\u00e0 conosciute quattro,\u00a0 capisci l&#8217;angoscia che ci ha preso?\u00a0 Il nostro \u00e8 un chiodo fisso!\u00a0 Poi c&#8217;\u00e8 una diceria che svela il settenario \u00e8 una tappa importante,\u00a0 oltre al sette esistono numeri trascendentali\u00a0 perch\u00e9 il sette \u00e8 formato da 4 +3,\u00a0 da un quaternario e da un ternario,\u00a0 anche i corpi principali dell&#8217;uomo sono sette,\u00a0 Mi hanno detto che tutta la nostra natura si basa sul sette.\u00a0 Ci\u00a0 spaventa! Non\u00a0 vorremmo separarci,\u00a0 ma a volte ci sono delle forze che noi non conosciamo e ci fanno andare per quella strada.\u00a0 Come possiamo fare per non pensarci pi\u00f9?\u00a0 \u00a0Grazie!<\/h3>\n<p>&nbsp;<\/p>\n<h3>Elena\u00a0 Ma dove le avete trovate queste dicerie,\u00a0 va bene,\u00a0 non sono dicerie,\u00a0 ma non rispecchiano nemmeno la religione cattolica,\u00a0 sembra esoterismo e voi siete cattolici.\u00a0 Guardate che questo \u00e8 un precetto filosofico di un filosofo antico che si chiamava Ermete Trismegisto.\u00a0 Fu rifiutato dalla religione cattolica,\u00a0 ma alcuni sacerdoti\u00a0 lo riconobbero come sapiente antico che conteneva alcune verit\u00e0 su Dio,\u00a0 perch\u00e9 lo ritennero fondatore di una vera e propria corrente filosofica e religiosa.\u00a0 Anche se tutto non \u00e8 nella vostra religione,\u00a0 \u00e8 bene restare con i piedi per terra e considerare tutto questo\u00a0 una cultura diversa dalla nostra religione.\u00a0 Non lasciatevi trasportare dalla superstizione,\u00a0 allora s\u00ec che\u00a0 vi allontanerete una dall&#8217;altro.\u00a0 L&#8217;unica cosa da fare \u00e8 di vivere la vostra vita con serenit\u00e0 e non dovete pensare che presto sar\u00e0 il vostro settimo anno di matrimonio,\u00a0 ma soltanto il terzo. Vorrei aggiungere:\u00a0 se due stanno bene insieme non ci sar\u00e0 nulla che potr\u00e0 mettersi tra di loro,\u00a0 perch\u00e9 le strutture portanti l&#8217;amore vero sono pilastri di sicurezza.\u00a0 Rafforzano continuit\u00e0 di visione e pensiero con naturalezza delicata e sensuale,\u00a0 pronta a cogliere il lato pulsante di tutte cose che si presenteranno.\u00a0 Ciao<\/h3>\n<p>&nbsp;<\/p>\n<h4 style=\"text-align: right;\">03\/09\/2025<\/h4>\n<p>&nbsp;<\/p>\n<p>&nbsp;<\/p>\n<h3>Giovanni\u00a0 \u00a0Dimmi cosa pensi del presidente V. Putin e del presidente V.O. Zelens&#8217;kyj?<\/h3>\n<p>&nbsp;<\/p>\n<h3>Elena\u00a0 Non ti dico molto su di loro,\u00a0 anche perch\u00e9 sono sempre le solite vecchie cose;\u00a0 ma di certo non sono molto differenti loro due,\u00a0 \u00a0 anzi sono uguali.\u00a0 A loro non interessa il bene delle nazioni e le vite umane,\u00a0 ma solo il potere e il denaro.<\/h3>\n<h4><\/h4>\n<h4 style=\"text-align: right;\">04\/09\/2025<\/h4>\n<p>&nbsp;<\/p>\n<p>&nbsp;<\/p>\n<h3>Marco\u00a0 \u00a0Ci risiamo,\u00a0 quando ci avviciniamo al cambio di stagione io vado sempre gi\u00f9.\u00a0 Poi mi ci vuole tempo per ritornare sulla carreggiata giusta della vita normale,\u00a0 succede anche a te?\u00a0 Grazie!<\/h3>\n<p>&nbsp;<\/p>\n<h3>Elena\u00a0 No\u00a0 Marco,\u00a0 a me succede il contrario,\u00a0 i cambi di stagione mi piacciono molto,\u00a0 mi sento rinascere.\u00a0 Presto saremo in autunno,\u00a0 io lo adoro perch\u00e9 \u00e8 cos\u00ec romantico!\u00a0 Poi\u00a0 verr\u00e0 l&#8217;inverno,\u00a0 a molti non piace perch\u00e9 \u00e8 freddo,\u00a0 io invece lo adoro perch\u00e9 \u00e8 caldo,\u00a0 sedersi attorno al camino,\u00a0 oppure chi non ha il camino stare in compagnia in un posto caldo;\u00a0 la primavera invece \u00e8 giovane,\u00a0 c&#8217;\u00e8 la rinascita di tutto,\u00a0 come se davanti a noi avessimo un grande futuro;\u00a0 infine l&#8217;estate,\u00a0 meravigliosa anche lei cos\u00ec da vivere tutta!\u00a0 Dunque dove sta il problema?\u00a0 Devi risolvere questa cosa dentro di te per non essere cos\u00ec triste\u00a0 dove non vedo nessuna motivazione.<\/h3>\n<p>&nbsp;<\/p>\n<h3>Marco\u00a0 Forse hai ragione tu ma bisogna essere capaci di uscirne.<\/h3>\n<p>&nbsp;<\/p>\n<h3>Elena\u00a0 Non \u00e8 difficile intelligente come sei!<\/h3>\n<h3>Marco\u00a0 Bene mi hai gi\u00e0 tirato su il morale,\u00a0 grazie.\u00a0 Ah volevo chiederti se sai il nome di quell&#8217;infezione generalizzata dell&#8217;organismo dovuta alla penetrazione in circolo a ondate successive di germi patogeni o all&#8217;azione delle tossine da questi prodotte?<\/h3>\n<h3>\u00a0Ele\u00a0 \u00a0S\u00ec,\u00a0 te la scrivo nella categoria della nostra salute. S\u00ec chiama: Sepsi o Setticemia. Ciao,\u00a0 a Domani.<\/h3>\n<p>&nbsp;<\/p>\n<p>&nbsp;<\/p>\n<h4 style=\"text-align: right;\"><\/h4>\n<h3><\/h3>\n<p>:&#8230;&#8230;&#8230;&#8230;&#8230;&#8230;&#8230;&#8230;&#8230;&#8230;&#8230;&#8230;&#8230;&#8230;&#8230;&#8230;&#8230;&#8230;&#8230;&#8230;&#8230;&#8230;&#8230;&#8230;&#8230;&#8230;&#8230;&#8230;&#8230;&#8230;&#8230;&#8230;&#8230;&#8230;&#8230;&#8230;&#8230;&#8230;&#8230;&#8230;&#8230;&#8230;..<\/p>\n<p>&nbsp;<\/p>\n<h3><\/h3>\n<p>&nbsp;<\/p>\n<h3><\/h3>\n<p>&nbsp;<\/p>\n<h3><\/h3>\n<p>&nbsp;<\/p>\n<h3><\/h3>\n<p>&nbsp;<\/p>\n<h3><\/h3>\n<p>&nbsp;<\/p>\n<h3><\/h3>\n<p>&nbsp;<\/p>\n<p>&nbsp;<\/p>\n<p>&nbsp;<\/p>\n<h4 style=\"text-align: right;\"><\/h4>\n<p>&nbsp;<\/p>\n<h3><\/h3>\n<p>&nbsp;<\/p>\n<h3><\/h3>\n<p>&nbsp;<\/p>\n<h3><\/h3>\n<p>&nbsp;<\/p>\n<h3><\/h3>\n<p>&nbsp;<\/p>\n<h3><\/h3>\n<p>&nbsp;<\/p>\n<h3><\/h3>\n<p>&nbsp;<\/p>\n<h3><\/h3>\n<h3><\/h3>\n<p style=\"text-align: center;\">\n","protected":false},"excerpt":{"rendered":"<p>28\/08\/2025 &nbsp; &nbsp; &nbsp; Linda\u00a0 \u00a0Che cosa ne pensi dei campi di sterminio? &nbsp; &nbsp; Elena\u00a0 \u00a0I campi di sterminio continuano a far parte della nostra coscienza,\u00a0 non soltanto per ricordarci la capacit\u00e0 che ha l&#8217;uomo di compiere attrocit\u00e0,\u00a0 il potenziale patologico della tecnologia sistematica, la virulenza del razzismo,\u00a0 l&#8217;esistenza del male.\u00a0 Quei campi continuano [&hellip;]<\/p>\n","protected":false},"author":2,"featured_media":0,"comment_status":"open","ping_status":"open","sticky":false,"template":"","format":"standard","meta":{"footnotes":""},"categories":[6,1],"tags":[],"class_list":["post-57050","post","type-post","status-publish","format-standard","hentry","category-dialogando-con-voi","category-uncategorized"],"_links":{"self":[{"href":"https:\/\/elenalasagna.it\/index.php?rest_route=\/wp\/v2\/posts\/57050","targetHints":{"allow":["GET"]}}],"collection":[{"href":"https:\/\/elenalasagna.it\/index.php?rest_route=\/wp\/v2\/posts"}],"about":[{"href":"https:\/\/elenalasagna.it\/index.php?rest_route=\/wp\/v2\/types\/post"}],"author":[{"embeddable":true,"href":"https:\/\/elenalasagna.it\/index.php?rest_route=\/wp\/v2\/users\/2"}],"replies":[{"embeddable":true,"href":"https:\/\/elenalasagna.it\/index.php?rest_route=%2Fwp%2Fv2%2Fcomments&post=57050"}],"version-history":[{"count":124,"href":"https:\/\/elenalasagna.it\/index.php?rest_route=\/wp\/v2\/posts\/57050\/revisions"}],"predecessor-version":[{"id":57498,"href":"https:\/\/elenalasagna.it\/index.php?rest_route=\/wp\/v2\/posts\/57050\/revisions\/57498"}],"wp:attachment":[{"href":"https:\/\/elenalasagna.it\/index.php?rest_route=%2Fwp%2Fv2%2Fmedia&parent=57050"}],"wp:term":[{"taxonomy":"category","embeddable":true,"href":"https:\/\/elenalasagna.it\/index.php?rest_route=%2Fwp%2Fv2%2Fcategories&post=57050"},{"taxonomy":"post_tag","embeddable":true,"href":"https:\/\/elenalasagna.it\/index.php?rest_route=%2Fwp%2Fv2%2Ftags&post=57050"}],"curies":[{"name":"wp","href":"https:\/\/api.w.org\/{rel}","templated":true}]}}