{"id":56917,"date":"2025-08-22T07:57:03","date_gmt":"2025-08-22T07:57:03","guid":{"rendered":"https:\/\/elenalasagna.it\/?p=56917"},"modified":"2025-09-30T22:12:22","modified_gmt":"2025-09-30T22:12:22","slug":"dialogando-con-voi-18","status":"publish","type":"post","link":"https:\/\/elenalasagna.it\/?p=56917","title":{"rendered":"DIALOGANDO CON VOI"},"content":{"rendered":"<h4 style=\"text-align: right;\">22\/08\/2025<\/h4>\n<p>&nbsp;<\/p>\n<p>&nbsp;<\/p>\n<p style=\"text-align: center;\"><img loading=\"lazy\" decoding=\"async\" class=\"alignnone size-medium wp-image-56918\" src=\"https:\/\/elenalasagna.it\/wp-content\/uploads\/2025\/08\/DSC01436-1-300x225.jpg\" alt=\"\" width=\"300\" height=\"225\" srcset=\"https:\/\/elenalasagna.it\/wp-content\/uploads\/2025\/08\/DSC01436-1-300x225.jpg 300w, https:\/\/elenalasagna.it\/wp-content\/uploads\/2025\/08\/DSC01436-1-1024x768.jpg 1024w, https:\/\/elenalasagna.it\/wp-content\/uploads\/2025\/08\/DSC01436-1-768x576.jpg 768w, https:\/\/elenalasagna.it\/wp-content\/uploads\/2025\/08\/DSC01436-1-1536x1152.jpg 1536w, https:\/\/elenalasagna.it\/wp-content\/uploads\/2025\/08\/DSC01436-1-2048x1536.jpg 2048w\" sizes=\"auto, (max-width: 300px) 100vw, 300px\" \/><\/p>\n<h4>Questa foto \u00e8 stata scattata il 09\/08\/ 2025<\/h4>\n<p>&nbsp;<\/p>\n<h3>Annalisa\u00a0 \u00a0Come fai a captare cose da molto lontano senza sbagliarti mai?\u00a0 Una persona anche se le viene data in dono,\u00a0 se ha\u00a0 molta fantasia non \u00e8 infallibile.<\/h3>\n<p>&nbsp;<\/p>\n<p>&nbsp;<\/p>\n<h3>Elena\u00a0 Nessuno ha mai detto di essere infallibile.\u00a0 Occorre lasciare libero sfogo ai pensieri,\u00a0 specie quelli figurativi,\u00a0 cio\u00e8 quelli che sono vere e proprie figure mentali.\u00a0 Poi c&#8217;\u00e8 che la sola fantasia ti pu\u00f2 portare fuori strada se non viene abbinata alla ragione.\u00a0 Quindi bisogna ragionare su ogni nostro pensiero con un po&#8217; di logicit\u00e0 altrimenti possiamo esteriorizzare pensieri vaganti,\u00a0 proprie paure,\u00a0 anche inconsce.\u00a0 E poi bisogna aggiungere il discernimento,\u00a0 \u00e8 sempre grazie a lui che ci avviciniamo alla verit\u00e0,\u00a0 per giungere un buon discernimento occorre esperienza e molta attenzione da parte nostra nel captare una specie di voce interiore\u00a0 che ci avverte quando siamo sulla strada giusta.\u00a0 Comunque si realizzano affinit\u00e0 non solo d&#8217;animo e di pensiero;\u00a0 affinit\u00e0 che si rispettano e sanno creare energie complici e dialoghi potenti.<\/h3>\n<p>&nbsp;<\/p>\n<p>&nbsp;<\/p>\n<h3>Annalisa\u00a0 \u00a0Sei proprio sicura della tua fede?\u00a0 E se qualcuno saggio ti dicesse che non esiste niente di tutto quello che dici e che credi,\u00a0 tu cosa faresti?\u00a0 Saresti ancora cos\u00ec incorruttibile?<\/h3>\n<p>&nbsp;<\/p>\n<p>&nbsp;<\/p>\n<h3>Elena\u00a0 Sai quante persone ho trovato che mi dicevano quello che hai appena affermato tu?\u00a0 Io non so perch\u00e9 vi dia cos\u00ec fastidio la cosa!\u00a0 Sono ancora pi\u00f9 convinta di prima,\u00a0 anche se dovr\u00f2 lavorare ancora su certe cose; certo la superficialit\u00e0 non porta mai alla vera fede,\u00a0 amo il mondo con tutta la mia fede cristiana!\u00a0 Nessuno mi far\u00e0 cambiare idea,\u00a0 anzi io credo che si rafforzer\u00e0 sempre di pi\u00f9.\u00a0 Ciao.<\/h3>\n<p>&nbsp;<\/p>\n<p>&nbsp;<\/p>\n<h3 style=\"text-align: right;\">22\/08\/2025<\/h3>\n<p>&nbsp;<\/p>\n<p>&nbsp;<\/p>\n<h3>Dott. Robert\u00a0 e Linda\u00a0 \u00a0Ho preparato il terreno per una bella partita a scacchi,\u00a0 non dirci di no,\u00a0 perch\u00e9 non ti porteremo a casa fino a quando non avr\u00f2 vinto (anche se sar\u00e0 difficile).<\/h3>\n<p>&nbsp;<\/p>\n<p>&nbsp;<\/p>\n<h3>Elena\u00a0 \u00a0Io preparer\u00f2 delle mosse nuove affinch\u00e9 dovrai pentirti di aver insistito per volere\u00a0 cos\u00ec tanto\u00a0 questa partita.<\/h3>\n<p>&nbsp;<\/p>\n<p>&nbsp;<\/p>\n<h3>Dott.\u00a0 Robert\u00a0 A proposito la tesi che hai preparato\u00a0 vincer\u00e0 su tutto,\u00a0 ma come hai fatto!<\/h3>\n<p>&nbsp;<\/p>\n<h3>Elena\u00a0 \u00a0Mi sono lasciata trasportare dal tempo senza incatenarlo e ci sono riuscita;\u00a0 ne sono uscita sofferente ma allo stesso tempo rafforzata.\u00a0 Buona serata!<\/h3>\n<p>&nbsp;<\/p>\n<p>&nbsp;<\/p>\n<h4 style=\"text-align: right;\">23\/08\/2025<\/h4>\n<p>&nbsp;<\/p>\n<p>&nbsp;<\/p>\n<p><img loading=\"lazy\" decoding=\"async\" class=\"alignnone size-medium wp-image-56899\" src=\"https:\/\/elenalasagna.it\/wp-content\/uploads\/2025\/08\/DSC01441-300x225.jpg\" alt=\"\" width=\"300\" height=\"225\" srcset=\"https:\/\/elenalasagna.it\/wp-content\/uploads\/2025\/08\/DSC01441-300x225.jpg 300w, https:\/\/elenalasagna.it\/wp-content\/uploads\/2025\/08\/DSC01441-1024x768.jpg 1024w, https:\/\/elenalasagna.it\/wp-content\/uploads\/2025\/08\/DSC01441-768x576.jpg 768w, https:\/\/elenalasagna.it\/wp-content\/uploads\/2025\/08\/DSC01441-1536x1152.jpg 1536w, https:\/\/elenalasagna.it\/wp-content\/uploads\/2025\/08\/DSC01441-2048x1536.jpg 2048w\" sizes=\"auto, (max-width: 300px) 100vw, 300px\" \/><\/p>\n<h4 style=\"text-align: right;\"><\/h4>\n<h4 style=\"text-align: right;\">24\/08\/2025<\/h4>\n<p>&nbsp;<\/p>\n<p>&nbsp;<\/p>\n<h3>Marco\u00a0 \u00a0 \u00c8 vero che tempo fa hai insegnato catechismo?\u00a0 \u00c8 per quello che conosci la Sacra Bibbia?\u00a0 \u00a0Grazie!<\/h3>\n<p>&nbsp;<\/p>\n<p>&nbsp;<\/p>\n<h3>Elena\u00a0 S\u00ec,\u00a0 ho insegnato catechismo a bambini che dovevano prepararsi per ricevere la S. Cresima,\u00a0 ma la\u00a0 S. Bibbia e il Vangelo li avevo studiati molto tempo prima.<\/h3>\n<p>&nbsp;<\/p>\n<p>&nbsp;<\/p>\n<h3>Marco\u00a0 \u00a0Tu pensi che si fermeranno queste maledette guerre? E la fame nel mondo?\u00a0 Perch\u00e9 il Cielo non fa qualcosa?\u00a0 Grazie!<\/h3>\n<p>&nbsp;<\/p>\n<p>&nbsp;<\/p>\n<h3>Elena\u00a0 Incomincio dall&#8217;ultima domanda:\u00a0 perch\u00e9 il cielo non fa qualcosa dici?\u00a0 Bisogner\u00e0 pregare ancora molto ,\u00a0 \u00e8 da quando sono bambina che ricordo le guerre,\u00a0 l&#8217;ho gi\u00e0 scritto,\u00a0 quando c&#8217; \u00e8 un libero arbitrio allora il Cielo avr\u00e0 compassione di noi solo se lo imploreremo molto e in molti.\u00a0 Questa della fame \u00e8 una guerra silenziosa perch\u00e9 i bambini nasceranno e moriranno insieme alla lotta silenziosa e tenace di pochi esseri umani coscienti di quello che diceva\u00a0 \u00a0Charles Chaplin:\u00a0 &#8220;Il pi\u00f9 grande nemico dell&#8217;uomo \u00e8 la miseria e il pi\u00f9 miserabile dei miserabili \u00e8 la societ\u00e0,\u00a0 che non pone fine alla miseria&#8221;.\u00a0 Semplicemente perch\u00e9 non vuole! Lo stesso \u00e8 delle guerre,\u00a0 si fermeranno quando lo vorranno i capi potenti,\u00a0 quando avranno smesso di giocare con i soldatini non degli scacchi ma i giovani che vanno in guerra;\u00a0 se le guerre fossero semplicemente volute dall&#8217;ira o da odio,\u00a0 allora si sarebbero quasi estinte con la ragione ovviamente,\u00a0 ma quando\u00a0 invece sotto ci sta molto di pi\u00f9 allora si arriva a questo punto.\u00a0 Ci hanno sempre preso in giro.\u00a0 Io mi sento urtata da tutto questo!\u00a0 E tutto continua cos\u00ec da sempre&#8230;<\/h3>\n<p>&nbsp;<\/p>\n<p>&nbsp;<\/p>\n<h4 style=\"text-align: right;\">25\/08\/2025<\/h4>\n<p>&nbsp;<\/p>\n<p>&nbsp;<\/p>\n<h3>Elena\u00a0 Sono felice perch\u00e9 ho appena saputo che il pap\u00e0 di Alessandro ha incominciato a parlare;\u00a0 sembra che non ci siano danni a livello cerebrale,\u00a0 ma dovr\u00e0 fare molta riabilitazione in un centro specializzato.<\/h3>\n<p>&nbsp;<\/p>\n<p>&nbsp;<\/p>\n<h3>Che cos&#8217;\u00e8 che pu\u00f2 far male al cielo oltre a quello che abbiamo gi\u00e0 detto?<\/h3>\n<p>&nbsp;<\/p>\n<h3>Elena\u00a0 \u00c8 tutto quello che pu\u00f2 fare molto male al tuo prossimo come ad esempio la menzogna e la cattiveria,\u00a0 specialmente quella gettata gratuitamente sugli esseri buoni perch\u00e9 creduti deboli,\u00a0 \u00a0perch\u00e9 sanno\u00a0 che sono superiori.\u00a0 In realt\u00e0 quelli fanno del male solo a se stessi perch\u00e9\u00a0 non riusciranno mai ad usare la coscienza.<\/h3>\n<p>&nbsp;<\/p>\n<p>&nbsp;<\/p>\n<h3>Che cosa provi quando scrivi?\u00a0 Grazie!<\/h3>\n<p>&nbsp;<\/p>\n<h3>Mi sento molto in alto come le aquile e mi dimentico che esiste anche una parte di mondo meschino fatto di bruttezza interiore,\u00a0 di cattiveria e falsit\u00e0,\u00a0 di cui non vorrei farne parte.\u00a0 (Non scrivo solo sul sito,\u00a0 ma anche con carta e penna). Non lo faccio a scopo di lucro ma per stare bene con me stessa e con gli altri,\u00a0 s\u00ec anche per il mio prossimo.<\/h3>\n<p>&nbsp;<\/p>\n<p>&nbsp;<\/p>\n<h4 style=\"text-align: right;\">25\/08\/2025<\/h4>\n<p>&nbsp;<\/p>\n<p>&nbsp;<\/p>\n<h3>Marco\u00a0 \u00a0Cosa ne pensi di quelli che intraprendono il cammino della fede o alla ricerca dello Spirito Santo?\u00a0 Grazie!<\/h3>\n<p>&nbsp;<\/p>\n<p>&nbsp;<\/p>\n<h3>Elena\u00a0 Indubbiamente male non fa,\u00a0 anzi si conoscono persone e possono nascere bellissme amicizie che per\u00f2 non hanno nulla a che fare con la fede.\u00a0 Si pu\u00f2 sempre trarre uno spunto che traducendolo a nostra discrezione,\u00a0 si potr\u00e0 capire che anche il riunirsi tra esseri umani sconosciuti fa parte della religione\u00a0 perch\u00e9 si consolidano amicizie di cuore e cos\u00ec si ritrova la capacit\u00e0 di sognare che si contrappone alla realt\u00e0 e le cose volano disponendosi al loro posto giusto.\u00a0 La fede che si aspetta quando vuole arriva da s\u00e9,\u00a0 basta mantenere la speranza e il giusto equilibrio in ogni giorno che passa,\u00a0 cio\u00e8:\u00a0 vivere la vita con gioia rispettando i nostri valori ,\u00a0 poi tutto il resto verr\u00e0 da s\u00e9\u00a0 quando meno ce lo aspettiamo,\u00a0 altrimenti ci ammaleremo;\u00a0 Dio ci ama e rispetta la nostra speranza,\u00a0 l&#8217;importante \u00e8 portarlo sempre dentro il\u00a0 cuore,\u00a0 in ogni attimo del giorno e della notte.\u00a0 \u00a0 Anche la mia guida spirituale la pensava cos\u00ec,\u00a0 infatti con me ha avuto ragione. Ci sono persone che non erano credenti,\u00a0 e ad un certo punto della loro vita hanno avuto apparizioni vere,\u00a0 e pi\u00f9 di una volta,\u00a0 senza mai nulla chiedere.<\/h3>\n<p>&nbsp;<\/p>\n<p>&nbsp;<\/p>\n<h4 style=\"text-align: right;\">26\/08\/2025<\/h4>\n<p>&nbsp;<\/p>\n<p>&nbsp;<\/p>\n<h3>Marco\u00a0 Cosa ne pensi tu degli anni che passano,\u00a0 della vecchiaia?\u00a0 Grazie!<\/h3>\n<p>&nbsp;<\/p>\n<p>&nbsp;<\/p>\n<h3>Elena\u00a0 Per me la vecchiaia \u00e8 una rinascita!\u00a0 Il mio motto \u00e8 ed \u00e8 sempre stato &#8220;Rinascere alla vita&#8221; ! In tutte le cose.<\/h3>\n<p>&nbsp;<\/p>\n<p>&nbsp;<\/p>\n<h4 style=\"text-align: right;\">26\/08\/2025 ore 15:10<\/h4>\n<p>&nbsp;<\/p>\n<h3>Poco fa ho letto una parola bellissima:\u00a0 &#8220;Equilibrio&#8221; ,\u00a0 quasi dimenticata dal mondo,\u00a0 la si ritrova spesso in medicina.\u00a0 Per me racchiude due cose fondamentali per ognuno di noi:\u00a0 &#8220;Fede e Amore&#8221;,\u00a0 potrei anche dire carit\u00e0,\u00a0 rinascita\u00a0 ma se diciamo amore comprende anche la carit\u00e0 e tutto il resto che ci guida a Dio.\u00a0 L&#8217;amore completo non \u00e8 peccato,\u00a0 lo sono le tentazioni solo quelle della carne e basta e del diavolo che ci pu\u00f2 portare verso strade buie per smarrirci.<\/h3>\n<p>&nbsp;<\/p>\n<p>&nbsp;<\/p>\n<h3>Marco\u00a0 Che cos&#8217;\u00e8 per te l&#8217;amicizia?\u00a0 Pu\u00f2 esistere l&#8217;amicizia fra un uomo e una donna?<\/h3>\n<p>&nbsp;<\/p>\n<p>&nbsp;<\/p>\n<h3>Elena\u00a0 S\u00ec,\u00a0 esiste l&#8217;amicizia vera fra un uomo e una donna.\u00a0 L&#8217;amicizia per me \u00e8 ed \u00e8 sempre stata un sentimento sincero e genuino,\u00a0 senza condizione alcuna;\u00a0 sono fortunata ad avere\u00a0 incontrato voi otto.<\/h3>\n<p>&nbsp;<\/p>\n<h3>Marco\u00a0 Si possono tenere le amicizie dentro al cuore?\u00a0 Grazie!<\/h3>\n<p>&nbsp;<\/p>\n<p>&nbsp;<\/p>\n<h3>Elena\u00a0 Certo!\u00a0 Il cuore \u00e8 come l&#8217;anima,\u00a0 ha uno spazio\u00a0 infinito.<\/h3>\n<p>&nbsp;<\/p>\n<p>&nbsp;<\/p>\n<h4 style=\"text-align: right;\">27\/08\/2025<\/h4>\n<p>&nbsp;<\/p>\n<p>&nbsp;<\/p>\n<h3>Elena\u00a0 Vorrei smentire una cosa perch\u00e9 dopo averci pensato con la dovuta attenzione mi sono accorta che non \u00e8 quello che io ho sempre creduto e per cui ho sempre lottato!\u00a0 Nel mio libro di poesie\u00a0 &#8221; Nella mente e nel cuore&#8221; sul retro copertina,\u00a0 hanno pubblicato queste parole:<\/h3>\n<p>&nbsp;<\/p>\n<h3>\u00a0\u00a0<em>&#8221;\u00a0 Un saggio mi disse:\u00a0 qualcosa di misterioso e di perfetto esisteva prima della nascita del cielo e della terra. Ci\u00f2 che \u00e8 grande continua e va lontano.\u00a0 Ci\u00f2 che va lontano ritorna&#8221;.<\/em><\/h3>\n<p>&nbsp;<\/p>\n<h3>Queste non sono parole mie,\u00a0 non le ho mai trovate nel Vangelo e nella S.Bibbia e poi non sono in sintonia con il mio\u00a0 credo.<\/h3>\n<p>&nbsp;<\/p>\n<h4 style=\"text-align: right;\">27\/08\/2025<\/h4>\n<p>&nbsp;<\/p>\n<p>&nbsp;<\/p>\n<h3>Marco di Patty\u00a0 \u00a0Scrivi tutto quello che ti ho detto perch\u00e9 \u00e8 la verit\u00e0!<\/h3>\n<p>&nbsp;<\/p>\n<h3>Elena\u00a0 \u00a0Bene,\u00a0 certo che il suo tradimento \u00e8 peggio di quello che avviene tra un uomo e una donna,\u00a0 perch\u00e9 lei ha premeditato tutto per farti del male. Non si pu\u00f2 ridicolizzare il suo ragazzo con tutti i presenti dell&#8217;azienda dove lavora!\u00a0 Prima ha cercato di farti parlare,\u00a0 \u00a0indirizzarlo su una certa strada e poi ha incolpato lui soltanto.\u00a0 Certo Marco\u00a0 ora che so tutta la storia hai ragione tu a non volerne pi\u00f9 sapere di lei.\u00a0 Ne troverai un&#8217;altra migliore!\u00a0 Forse \u00e8 un segno del destino.\u00a0 Non c&#8217;\u00e8 niente di pi\u00f9 schifoso di questo comportamento!\u00a0 Ti invitano a fare delle cose,\u00a0 a comportarti in un certo modo solo per deriderti!\u00a0 \u00a0 &#8220;La malizia viene dal profondo di chi la pensa e la dice&#8221;;\u00a0 questo \u00e8 pi\u00f9 tradimento dell&#8217;altro!\u00a0 Certe persone non capiscono niente! Tu e tua madre siete i benvenuti sempre!\u00a0 Non solo qui ma anche da tutti gli altri.<\/h3>\n<p>&nbsp;<\/p>\n<p>&nbsp;<\/p>\n<h3 style=\"text-align: center;\"><em>RINASCITA<\/em><\/h3>\n<h3 style=\"text-align: center;\"><em>RENOUVEAU<\/em><\/h3>\n<p>&nbsp;<\/p>\n<h3 style=\"text-align: center;\"><em>Quand quelqu&#8217;un un te frappe ton coeur crie<\/em><\/h3>\n<h3 style=\"text-align: center;\">la loi du silence tr\u00f4ne,\u00a0 l&#8217;espoir est perdu.<\/h3>\n<h3 style=\"text-align: center;\">Le soir plus de coucher du soleil,\u00a0 tu ne vois plus les \u00e9toiles dans le ciel<\/h3>\n<h3 style=\"text-align: center;\">Les fleurs ne parfument pas, la brise ne te soul\u00e8 ve plus les cheveaux<\/h3>\n<h3 style=\"text-align: center;\">ton regard se perde dans l&#8217;infinit\u00e9.<\/h3>\n<p>&nbsp;<\/p>\n<h3 style=\"text-align: center;\">La lune s&#8217;en va ailleurs,\u00a0 elle est complice d&#8217;amour.<\/h3>\n<h3 style=\"text-align: center;\">Enleve ce mur, la haine t&#8217;a viol\u00e9!<\/h3>\n<p>&nbsp;<\/p>\n<h3 style=\"text-align: center;\">Dans leurs yeaux tu vois l&#8217;agonie et le malheur.<\/h3>\n<p>&nbsp;<\/p>\n<h3 style=\"text-align: center;\">Ils tra\u00eenent la vie.<\/h3>\n<p>&nbsp;<\/p>\n<h3 style=\"text-align: center;\">Tu sauras peindre ton monde encore de vert.<\/h3>\n<p>&nbsp;<\/p>\n<h3 style=\"text-align: center;\">Ton refuge est po\u00e9sie.<\/h3>\n<p>&nbsp;<\/p>\n<h3 style=\"text-align: center;\">Dans les r\u00eaves tu trouveras la libert\u00e9.<\/h3>\n<p>&nbsp;<\/p>\n<h3>Elena\u00a0 Lasagna<\/h3>\n<p>&nbsp;<\/p>\n<p>&nbsp;<\/p>\n<h3>Patty\u00a0 Quello che gli hai detto poi gli ha tolto la rabbia,\u00a0 sta ancora dormendo.\u00a0 Ma\u00a0 che gli hai detto?\u00a0 Grazie!<\/h3>\n<p>&nbsp;<\/p>\n<h3>Elena\u00a0 Gli ho detto di calmarsi\u00a0 completamente e di ascoltarsi,\u00a0 solo allora potr\u00e0 prendere una decisione importante:\u00a0 quella di tagliare con lei oppure perdonarla;\u00a0 per essere felice non deve ascoltare nussun altro che lui.<\/h3>\n<p>&nbsp;<\/p>\n<h4 style=\"text-align: right;\">28\/08\/2025<\/h4>\n<p>&nbsp;<\/p>\n<h3>Marco\u00a0 di Patty\u00a0 \u00a0Non riesco a prendere una decisione da solo,\u00a0 forse \u00e8 troppo presto,\u00a0 ma ho bisogno del tuo aiuto,\u00a0 chiedo troppo?\u00a0 Grazie!<\/h3>\n<p>&nbsp;<\/p>\n<p>&nbsp;<\/p>\n<h3>Elena\u00a0 Questa sera alle 21 circa o vengo io da voi oppure venite tu e mamma qui da me.\u00a0 No Marco non mi chiedi troppo,\u00a0 ma proprio per niente;\u00a0 non farti di questi problemi.<\/h3>\n<p>&nbsp;<\/p>\n<p>&nbsp;<\/p>\n<h4 style=\"text-align: right;\">28\/08\/2025<\/h4>\n<p>&nbsp;<\/p>\n<p>&nbsp;<\/p>\n<h3>Linda\u00a0 Che cosa significa per te il non accontentarsi mai? Grazie!<\/h3>\n<p>&nbsp;<\/p>\n<p>&nbsp;<\/p>\n<h3>Elena\u00a0 \u00a0Per me il non accontentarsi mai , \u00e8 sinonimo di vita,\u00a0 di rinascita,\u00a0 \u00a0continuare a sperare sempre e consacrare la propria vita per essere in sintonia con il mio modo di essere o anche per mutarlo in ci\u00f2 che mi far\u00e0 felice di pi\u00f9 per ricevere senza indugi la luce dell&#8217;amore universale e vibrare ad ogni mia richiesta di pensiero ,\u00a0 e che la mia ricerca sia rivolta\u00a0 \u00a0al\u00a0 bene prezioso che viene dall&#8217; anima\u00a0 per il mondo.<\/h3>\n<p>&nbsp;<\/p>\n<p>&nbsp;<\/p>\n<p>&nbsp;<\/p>\n<p>&nbsp;<\/p>\n<p>&nbsp;<\/p>\n<p>&nbsp;<\/p>\n<p>&nbsp;<\/p>\n<p>&nbsp;<\/p>\n<h3><\/h3>\n<p>&nbsp;<\/p>\n<p>&nbsp;<\/p>\n<h3><\/h3>\n<p>&nbsp;<\/p>\n<p>&nbsp;<\/p>\n<p>&nbsp;<\/p>\n<p style=\"text-align: center;\">\n","protected":false},"excerpt":{"rendered":"<p>22\/08\/2025 &nbsp; &nbsp; Questa foto \u00e8 stata scattata il 09\/08\/ 2025 &nbsp; Annalisa\u00a0 \u00a0Come fai a captare cose da molto lontano senza sbagliarti mai?\u00a0 Una persona anche se le viene data in dono,\u00a0 se ha\u00a0 molta fantasia non \u00e8 infallibile. &nbsp; &nbsp; Elena\u00a0 Nessuno ha mai detto di essere infallibile.\u00a0 Occorre lasciare libero sfogo ai [&hellip;]<\/p>\n","protected":false},"author":2,"featured_media":0,"comment_status":"open","ping_status":"open","sticky":false,"template":"","format":"standard","meta":{"footnotes":""},"categories":[6,1],"tags":[],"class_list":["post-56917","post","type-post","status-publish","format-standard","hentry","category-dialogando-con-voi","category-uncategorized"],"_links":{"self":[{"href":"https:\/\/elenalasagna.it\/index.php?rest_route=\/wp\/v2\/posts\/56917","targetHints":{"allow":["GET"]}}],"collection":[{"href":"https:\/\/elenalasagna.it\/index.php?rest_route=\/wp\/v2\/posts"}],"about":[{"href":"https:\/\/elenalasagna.it\/index.php?rest_route=\/wp\/v2\/types\/post"}],"author":[{"embeddable":true,"href":"https:\/\/elenalasagna.it\/index.php?rest_route=\/wp\/v2\/users\/2"}],"replies":[{"embeddable":true,"href":"https:\/\/elenalasagna.it\/index.php?rest_route=%2Fwp%2Fv2%2Fcomments&post=56917"}],"version-history":[{"count":108,"href":"https:\/\/elenalasagna.it\/index.php?rest_route=\/wp\/v2\/posts\/56917\/revisions"}],"predecessor-version":[{"id":57664,"href":"https:\/\/elenalasagna.it\/index.php?rest_route=\/wp\/v2\/posts\/56917\/revisions\/57664"}],"wp:attachment":[{"href":"https:\/\/elenalasagna.it\/index.php?rest_route=%2Fwp%2Fv2%2Fmedia&parent=56917"}],"wp:term":[{"taxonomy":"category","embeddable":true,"href":"https:\/\/elenalasagna.it\/index.php?rest_route=%2Fwp%2Fv2%2Fcategories&post=56917"},{"taxonomy":"post_tag","embeddable":true,"href":"https:\/\/elenalasagna.it\/index.php?rest_route=%2Fwp%2Fv2%2Ftags&post=56917"}],"curies":[{"name":"wp","href":"https:\/\/api.w.org\/{rel}","templated":true}]}}