{"id":56362,"date":"2025-01-11T09:23:14","date_gmt":"2025-01-11T09:23:14","guid":{"rendered":"https:\/\/elenalasagna.it\/?p=56362"},"modified":"2025-03-07T08:35:37","modified_gmt":"2025-03-07T08:35:37","slug":"risposte-ai-lettori-quarantadue-centocinquantunesima-parte","status":"publish","type":"post","link":"https:\/\/elenalasagna.it\/?p=56362","title":{"rendered":"RISPOSTE AI LETTORI QUARANTADUE CENTOCINQUANTUNESIMA PARTE"},"content":{"rendered":"<h4 style=\"text-align: right;\">11\/01\/2025<\/h4>\n<p>&nbsp;<\/p>\n<p>&nbsp;<\/p>\n<h4>Marco di Patty\u00a0 \u00a0V0rrei sapere da te perch\u00e9 le vitamine sono basate sulle lettere dell&#8217;alfabeto,\u00a0 e se \u00e8 vero che la vitamina &#8220;C &#8220;si pu\u00f2 assumere anche attraverso le scorze degli agrumi.\u00a0 Grazie!<\/h4>\n<p>&nbsp;<\/p>\n<p>&nbsp;<\/p>\n<h4>Elena\u00a0 La nomenclatura tradizionale delle vitamine,\u00a0 \u00e8 vero,\u00a0 \u00a0\u00e8 basata sulle lettere dell&#8217;alfabeto,\u00a0 ma da molto tempo una commissione internazionale stabil\u00ec i termini di denominazione scientifica ufficiale delle diverse vitamine.<\/h4>\n<p>&nbsp;<\/p>\n<h3>In quanto alla vitamina &#8220;C&#8221; o acido ascorbico \u00e8 una vitamina idrosolubile,\u00a0 di cui ne sono ricchi molti alimenti,\u00a0 tra questi anche gli agrumi e le loro scorze,\u00a0 ma sempre se consumati a crudo;\u00a0 perch\u00e9 la vitamina &#8220;C &#8220;a contatto con il calore\u00a0 si autodistrugge\u00a0 diventando cos\u00ec inefficace.\u00a0 (Questo non \u00e8 un mio parere,\u00a0 ma \u00e8 stato scientificamente accertato)<\/h3>\n<p>&nbsp;<\/p>\n<p>&nbsp;<\/p>\n<h4 style=\"text-align: right;\">13\/01\/2025<\/h4>\n<p>&nbsp;<\/p>\n<h3>Marco\u00a0 \u00c8 vero che assumendo vitamine in eccesso poi si autoeliminano senza creare problemi?\u00a0 Grazie!<\/h3>\n<p>&nbsp;<\/p>\n<p>&nbsp;<\/p>\n<h3>Elena\u00a0 Il fabbisogno giornaliero di vitamine \u00e8 piuttosto basso,\u00a0 dell&#8217;ordine di mmg o di microgrammi; un eccesso di vitamine pu\u00f2 provocare ipervitaminosi.\u00a0 Le vitamine vengono classificate in due gruppi,\u00a0 in rapporto alla loro solubilit\u00e0 in acqua,\u00a0 vengono definite vitamine &#8220;idrosolubili&#8221; o nei grassi,\u00a0 vitamine &#8220;liposolubili&#8221;.\u00a0 Alla diversa solubilit\u00e0 non sono legate funzioni biologiche particolari,\u00a0 anche se le vitamine liposolubili A,D,E,K,\u00a0 a differenza di quelle idrosolubili,\u00a0 tendono ad accumularsi nei tessuti e possono determinare,\u00a0 in certi casi,\u00a0 stati di ipervitaminosi.<\/h3>\n<p>&nbsp;<\/p>\n<h4 style=\"text-align: right;\">14\/01\/2025<\/h4>\n<p>&nbsp;<\/p>\n<p>&nbsp;<\/p>\n<h3>Federica\u00a0 \u00a0Riusciamo a coprire tutto il nostro fabbisogno vitaminico con\u00a0 gli alimenti naturali?\u00a0 Grazie!<\/h3>\n<p>&nbsp;<\/p>\n<p>&nbsp;<\/p>\n<h3>Elena\u00a0 Certo che s\u00ec!\u00a0 \u00a0Scegliere sempre alimenti freschi e di stagione.\u00a0 Molto tempo fa anche le vitamine\u00a0 in commercio\u00a0 venivano estratte da materiali naturali,\u00a0 ne sono ricchissimi,\u00a0 \u00a0ma questa produzione \u00e8 molto complicata e costosa,\u00a0 per cui \u00e8 stata\u00a0 a poco a poco soppiantata nella produzione industriale delle vitamine con metodi di sintesi totale o parziale.\u00a0 \u00a0Nei metodi di sintesi totale,\u00a0 con cui si produce oggi la maggior parte delle vitamine,\u00a0 la molecola della vitamina viene costruita da molecole pi\u00f9 semplici ottenute a loro volta artificialmente.\u00a0 Nei metodi di sintesi parziale invece,\u00a0 la molecola della vitamina,\u00a0 viene ottenuta modificando la molecola di composti naturali facilmente accessibili e di struttura chimica simile a quella della vitamina richiesta.\u00a0 Come ad esempio la vitamina &#8220;D&#8221; viene prodotta da uno sterolo estratto dai lieviti;\u00a0 la &#8220;B12&#8221; viene ottenuta per fermentazione,\u00a0 la si estrae dai brodi di coltura dello Streptomyces Griseus che ne produce in grandi quantit\u00e0;\u00a0 ecc.<\/h3>\n<p>&nbsp;<\/p>\n<h4 style=\"text-align: right;\">18\/01\/2025<\/h4>\n<p>&nbsp;<\/p>\n<p>&nbsp;<\/p>\n<h3>Marcodi Patty\u00a0 \u00a0Dove si trova il nervo frenico?\u00a0 E quali sono le sue funzioni ?\u00a0 Grazie!<\/h3>\n<p>&nbsp;<\/p>\n<p>&nbsp;<\/p>\n<h3>Elena\u00a0 \u00a0Il nervo frenico \u00e8 un ramo discendente dal plesso cervicale destro e sinistro,\u00a0 origina principalmente dal lV,\u00a0 e in parte dal lll e V paio di nervi spinali cervicali, discende lungo il collo del muscolo scaleno anteriore,\u00a0 entrando nel torace passando dietro la clavicola,\u00a0 attraversa il mediastino scorrendo tra pleura e pericardio,\u00a0 raggiungendo il diaframma.\u00a0 Nel suo decorso invia rami sensitivi alla pleura e al pericardio,\u00a0 rami muscolari motori al diaframma e rami frenico-addominali,\u00a0 che attraverso il diaframma,\u00a0 partecipano alla formazione del plesso nervoso diaframmatico.\u00a0 La sua funzione \u00e8 particolarmente respiratoria.<\/h3>\n<p>&nbsp;<\/p>\n<p>&nbsp;<\/p>\n<h3>Marco\u00a0 \u00a0Qual \u00e8 il significato di frenologia?\u00a0 \u00a0Grazie!<\/h3>\n<p>&nbsp;<\/p>\n<p>&nbsp;<\/p>\n<h3>Elena\u00a0 \u00a0Tempo fa era una dottrina di grande interesse,\u00a0 oggi \u00e8 del tutto superata dalle moderne acquisizioni anatomiche.\u00a0 Questa teoria neuropsicosomatica,\u00a0 ideata e sostenuta da F.G.Gall verso la fine del XlX secolo,\u00a0 \u00a0localizzava le varie facolt\u00e0 psichiche dell&#8217;uomo in precise zone della corteccia cerebrale.\u00a0 Lo sviluppo evolutivo di tali centri,\u00a0 proporzionale a quello delle singole facolt\u00e0 veniva valutato dalla conformazione di corrispondenti zone della teca cranica.\u00a0 Cos\u00ec l&#8217;esame dei particolari morfologici del capo,\u00a0 permetteva di risalire alla determinazione delle qualit\u00e0 della psiche e della personalit\u00e0 dell&#8217;individuo.\u00a0 Oggi al suo ideatore resta il merito di aver anticipato,\u00a0 sia pure su basi errate,\u00a0 la teoria delle localizzazioni cerebrali neurologiche riguardanti i movimenti,\u00a0 la sensibilit\u00e0,\u00a0 i sensi, le funzioni della vita vegetativa e dell&#8217;antropologia patologica.<\/h3>\n<p>&nbsp;<\/p>\n<p>&nbsp;<\/p>\n<h3 style=\"text-align: right;\">24\/01\/2025<\/h3>\n<p>&nbsp;<\/p>\n<p>&nbsp;<\/p>\n<h3>Marco di Patty\u00a0 \u00a0Quali erano i farmaci di allora per curare il morbo di Parkinson?\u00a0 Grazie!<\/h3>\n<p>&nbsp;<\/p>\n<p>&nbsp;<\/p>\n<h3>Elena\u00a0 \u00a0Le cure di allora per ci\u00f2 che riguarda il morbo di Parkinson era la &#8220;dopamina&#8221; e il suo precursore &#8220;levodopa&#8221; capaci di superare la barriera tra sangue ed encefalo,\u00a0 perch\u00e9 nel morbo di Parkinson si ha una diminuzione di dopamina nel corpo striato.\u00a0 Il levodopa per\u00f2 \u00e8 facilmente disattivato attraverso la decarbossilazione (distruzione attraverso un gruppo di enzimi) nei prodotti in commercio,\u00a0 quindi esso \u00e8 associato con sostanze che impediscono o rallentano questo processo.\u00a0 Trattandosi di una terapia sostitutiva esso doveva\u00a0 essere somministrato continuamente e in certi casi anche pi\u00f9 volte al giorno,\u00a0 cercando di trovare la dose minima di mantenimento.\u00a0 Il bisogno di questo precursore metabolico della dopamina andava infatti aumentato con il tempo,\u00a0 per\u00a0 una sorta di assuefazione.\u00a0 Esso \u00e8 molto pi\u00f9 attivo su alcuni segni di Parkinson come ad esempio &#8220;rigidit\u00e0&#8221; che non su i tremori.\u00a0 Si associava a farmaci anticolinergici 0 di altro tipo.<\/h3>\n<p>&nbsp;<\/p>\n<p>&nbsp;<\/p>\n<h3 style=\"text-align: right;\">07\/02\/2025<\/h3>\n<p>&nbsp;<\/p>\n<p>&nbsp;<\/p>\n<h3 style=\"text-align: left;\">Marco di Patty\u00a0 \u00a0 \u00c8 vero che quando ci si sente stanchi abbiamo carenza di potassio?\u00a0 A che cosa serve il potassio?\u00a0 Cosa succede quando ne siamo carenti o se invece ne abbiamo in eccesso?\u00a0 Grazie!<\/h3>\n<p>&nbsp;<\/p>\n<p>&nbsp;<\/p>\n<h3>Elena\u00a0 \u00a0Non sempre quando ci sentiamo stanchi e debilitati abbiamo una carenza di potassio.\u00a0 Bisogner\u00e0 fare accertamenti per una diagnosi corretta. Il potassio \u00e8 un elemento indispensabile per mantenere l&#8217;organismo sano ed un cuore e altri muscoli forti,\u00a0 ma se ne siamo molto carenti o se invece lo superiamo in grandi quantit\u00e0 sarebbe molto dannoso per la funzione cardiaca.\u00a0 Esso esercita un&#8217;importante funzione del muscolo cardiaco,\u00a0 diminuendo l&#8217;eccitabilit\u00e0,\u00a0 la forza di contrazione e il buon funzionamento del cuore.\u00a0 Ma se ne abbiamo in grande eccesso,\u00a0 il potassio provoca la contrazione della muscolatura liscia dei vasi sanguigni, liberando acetilcolina dai depositi dei tessuti, stimolando i gangli del sistema simpatico e la muscolatura del surrene,\u00a0 aumenta la contrattilit\u00e0 dei muscoli schelettrici;\u00a0 al contrario invece se nel nostro organismo non ci fosse la presenza di potassio,\u00a0 sarebbe come se i nostri muscoli compreso il cuore fossero paralizzati come se avessimo bloccata la trasmissione degli impulsi dei nervi motori\u00a0 alle fibre muscolari striate.<\/h3>\n<p>&nbsp;<\/p>\n<p>&nbsp;<\/p>\n<h4 style=\"text-align: right;\">14\/02\/2025<\/h4>\n<p>&nbsp;<\/p>\n<p>&nbsp;<\/p>\n<h3>Marco di Patty\u00a0 \u00a0 \u00c8 vero che lo studio della psicologia si divide in due branche?\u00a0 Quali?\u00a0 Grazie!<\/h3>\n<p>&nbsp;<\/p>\n<p>&nbsp;<\/p>\n<h3>Elena\u00a0 \u00a0Marco non \u00e8 proprio cos\u00ec,\u00a0 la psicologia si occupa dei fenomeni psichici in generale,\u00a0 studiati con i metodi della psicologia razionale e con quelle della psicologia scientifica o sperimentale. Questi due metodi differenti oggi hanno trovato delle reciproche interrelazioni,\u00a0 anche se la loro storia si differenzia profondamente.\u00a0 La psicologia razionale ha inizio con la storia dello stesso pensiero umano,\u00a0 fino al problema della coscienza,\u00a0 si identifica con la storia della concezione dell&#8217;anima.\u00a0 La psicologia scientifica,\u00a0 ha un&#8217;origine pi\u00f9 moderna e ricevette i suoi primi fondamenti dell&#8217;empirismo inglese sotto la forma della teoria dell&#8217;associazione,\u00a0 sviluppata poi con l&#8217;utilitarismo e positivismo.\u00a0 Questi primi esperimenti ebbero larghissima risonanza in tutto il mondo scientifico,\u00a0 stimolarono un gran numero di ricerche\u00a0 che dettero luogo a varie impostazioni teoriche e metodologiche,\u00a0 le quali se accettarono il metodo sperimentale,\u00a0 ne respinsero per lo pi\u00f9 l&#8217;impostazione associazionistica.\u00a0 Da queste ricerche, approfondite ed estese a nuovi campi di studio,\u00a0 sorsero cos\u00ec le pi\u00f9 importanti correnti della psicologia sperimentale contemporanea.<\/h3>\n<p>&nbsp;<\/p>\n<p>&nbsp;<\/p>\n<h4 style=\"text-align: right;\">20\/02\/2025<\/h4>\n<p>&nbsp;<\/p>\n<p>&nbsp;<\/p>\n<h3>Marco E Patty\u00a0 \u00a0Che cos&#8217;\u00e8 la malattia di Breda?\u00a0 Perch\u00e9 si chiama cosi?\u00a0 Grazie!<\/h3>\n<p>&nbsp;<\/p>\n<p>&nbsp;<\/p>\n<h3>Elena\u00a0 Si tratta, di una malattia tropicale sostenuta dal virus Spirochaeta pertenuis.\u00a0 Essa prese il nome dal medico dermatologo che la scopr\u00ec e la descrisse.\u00a0 Si genera per contagio diretto,\u00a0 quasi simile alla sifilide.\u00a0 Dopo un periodo di incubazione di circa 4 settimane,\u00a0 incomincia il primo stadio,\u00a0 con febbre maldi testa notturno,\u00a0 e si manifesta con una papula dura non troppo dolorosa ma molto pruriginosa,\u00a0 attorno alla quale si generano altre papule,\u00a0 che evolvono verso l&#8217;ulcerazione e poi guariscono sotto una crosta cicatrizzata di colore biancastro.\u00a0 Il secondo stadio incomincia con la febbre,\u00a0 ingrossamento delle linfoghiandole e un&#8217;eruzione su tutto il corpo di papule- pustole pruriginose delle quali alcune guariscono subito e possono anche scomparire,\u00a0 altre invece ingrandiscono e guariranno per essicamento dopo 8mesi o forse un anno,\u00a0 lasciando una pigmentazione o depigmentazione cutanea residua. (delle macchie visibili).\u00a0 In questo stadio si ha la positivit\u00e0 di Wassermann sul sangue.\u00a0 Il terzo stadio,\u00a0 incomincia dopo parecchi mesi e si manifesta con grossi noduli granulomatosi o ulcerazioni profonde lasciando cicatrici biancastre.\u00a0 Una volta ottenuta la guarigione completa,\u00a0 se si adotteranno misure di precauzione come l&#8217;assoluta igiene intima,\u00a0 e guardarsi dai rapporti liberi con l&#8217;altro partner,\u00a0 la malattia non \u00e8 recidiva.<\/h3>\n<p>&nbsp;<\/p>\n<p>&nbsp;<\/p>\n<h4 style=\"text-align: right;\">24\/02\/2025<\/h4>\n<p>&nbsp;<\/p>\n<p>&nbsp;<\/p>\n<h3>Federica\u00a0 \u00a0Che cos&#8217;\u00e8 quella malattia che si chama &#8220;moccio&#8221;?\u00a0 Grazie.<\/h3>\n<p>&nbsp;<\/p>\n<p>&nbsp;<\/p>\n<h3>Elena\u00a0 \u00a0\u00c8 una malattia infettiva caratterizzata da un notevole scolo mucopurulento sotto al naso che colpisce in particolar modo la specie equina,\u00a0 meno frequentemente i carnivori e l&#8217;uomo.\u00a0 \u00c8 dovuto ad un bacillo &#8220;Malleomyces Mallei&#8221;che bacilla particolarmente nello scolo nasale e nelle ulcere dei nodi colpiti.\u00a0 La trasmissione avviene per contatto indiretto:\u00a0 acqua,\u00a0 aria cibo ecc.\u00a0 Nell&#8217;uomo pu\u00f2 sfociare in una rinite purulenta e a processi suppurativi cutanei con un grave interessamento dello stato generale.<\/h3>\n<p>&nbsp;<\/p>\n<p>&nbsp;<\/p>\n<h4 style=\"text-align: right;\">01\/03\/2025<\/h4>\n<p>&nbsp;<\/p>\n<p>&nbsp;<\/p>\n<h3>Marco di Patty\u00a0 \u00a0La sostanza capace di ridurre la concentrazione ematica del glucosio nel diabete mellito\u00a0 si assume\u00a0 solo per via orale?\u00a0 Grazie!<\/h3>\n<p>&nbsp;<\/p>\n<p>&nbsp;<\/p>\n<h3>Elena\u00a0 \u00a0Questa sostanza pu\u00f2 essere orale e iniettabile.\u00a0 Questi ultimi sono costituiti dalle varie preparazioni di insulina.\u00a0 Mentre quelli orali si dividono in derivati della sulfanil-urea e biguanidi.\u00a0 Quelli iniettabili che hanno struttura simile a quella dei sulfamidici sono tutti di origine sintetica;\u00a0 la loro azione \u00e8 mediata dall&#8217;insulina endogena,\u00a0 per cui sono inattivi nelle forme di diabete con deficit assoluto di insulina,\u00a0 come ad esempio nel diabete giovanile.\u00a0 Sono indicati nelle forme leggere di diabete senile e come coadiuvanti della terapia insulinica,\u00a0 in quanto permettono di ridurre il dosaggio o la frequenza di somministrazione dell&#8217;insulina.\u00a0 Controindicazioni:\u00a0 gravidanza,\u00a0 vanno usati con cautela nelle malattie cardiache,\u00a0 insufficienza epatiche e renali.<\/h3>\n<p>&nbsp;<\/p>\n<p>&nbsp;<\/p>\n<h4 style=\"text-align: right;\">07\/03\/2025<\/h4>\n<p>&nbsp;<\/p>\n<p>&nbsp;<\/p>\n<h3>Marco\u00a0 e Patty\u00a0 \u00a0che cosa sar\u00e0 quel mal di testa, gola e raffreddore che continua da mesi senza mai guarire?\u00a0 Grazie!<\/h3>\n<p>&nbsp;<\/p>\n<p>&nbsp;<\/p>\n<h3>Elena\u00a0 Se non si tratta di allergia,\u00a0 questa infiammazione della mucosa del naso e della faringe con mal di testa continuo,\u00a0 potrebbe essere causata da un certo tipo di sinusite.\u00a0 Questo tipo di sinusite si associa spesso a quella del seno etmoidale e d\u00e0 questi disturbi;\u00a0 se non curata potrebbe dare complicazioni endocraniche.<\/h3>\n<p>&nbsp;<\/p>\n<p>&nbsp;<\/p>\n","protected":false},"excerpt":{"rendered":"<p>11\/01\/2025 &nbsp; &nbsp; Marco di Patty\u00a0 \u00a0V0rrei sapere da te perch\u00e9 le vitamine sono basate sulle lettere dell&#8217;alfabeto,\u00a0 e se \u00e8 vero che la vitamina &#8220;C &#8220;si pu\u00f2 assumere anche attraverso le scorze degli agrumi.\u00a0 Grazie! &nbsp; &nbsp; Elena\u00a0 La nomenclatura tradizionale delle vitamine,\u00a0 \u00e8 vero,\u00a0 \u00a0\u00e8 basata sulle lettere dell&#8217;alfabeto,\u00a0 ma da molto tempo [&hellip;]<\/p>\n","protected":false},"author":2,"featured_media":0,"comment_status":"open","ping_status":"open","sticky":false,"template":"","format":"standard","meta":{"footnotes":""},"categories":[1],"tags":[],"class_list":["post-56362","post","type-post","status-publish","format-standard","hentry","category-uncategorized"],"_links":{"self":[{"href":"https:\/\/elenalasagna.it\/index.php?rest_route=\/wp\/v2\/posts\/56362","targetHints":{"allow":["GET"]}}],"collection":[{"href":"https:\/\/elenalasagna.it\/index.php?rest_route=\/wp\/v2\/posts"}],"about":[{"href":"https:\/\/elenalasagna.it\/index.php?rest_route=\/wp\/v2\/types\/post"}],"author":[{"embeddable":true,"href":"https:\/\/elenalasagna.it\/index.php?rest_route=\/wp\/v2\/users\/2"}],"replies":[{"embeddable":true,"href":"https:\/\/elenalasagna.it\/index.php?rest_route=%2Fwp%2Fv2%2Fcomments&post=56362"}],"version-history":[{"count":37,"href":"https:\/\/elenalasagna.it\/index.php?rest_route=\/wp\/v2\/posts\/56362\/revisions"}],"predecessor-version":[{"id":56404,"href":"https:\/\/elenalasagna.it\/index.php?rest_route=\/wp\/v2\/posts\/56362\/revisions\/56404"}],"wp:attachment":[{"href":"https:\/\/elenalasagna.it\/index.php?rest_route=%2Fwp%2Fv2%2Fmedia&parent=56362"}],"wp:term":[{"taxonomy":"category","embeddable":true,"href":"https:\/\/elenalasagna.it\/index.php?rest_route=%2Fwp%2Fv2%2Fcategories&post=56362"},{"taxonomy":"post_tag","embeddable":true,"href":"https:\/\/elenalasagna.it\/index.php?rest_route=%2Fwp%2Fv2%2Ftags&post=56362"}],"curies":[{"name":"wp","href":"https:\/\/api.w.org\/{rel}","templated":true}]}}