{"id":56330,"date":"2024-12-18T01:36:46","date_gmt":"2024-12-18T01:36:46","guid":{"rendered":"https:\/\/elenalasagna.it\/?p=56330"},"modified":"2025-01-04T03:47:03","modified_gmt":"2025-01-04T03:47:03","slug":"56330","status":"publish","type":"post","link":"https:\/\/elenalasagna.it\/?p=56330","title":{"rendered":"AUGURI DI BUONE FESTE E BUON 2025!"},"content":{"rendered":"<h4 style=\"text-align: right;\">18\/12\/2024<\/h4>\n<p>&nbsp;<\/p>\n<p>&nbsp;<\/p>\n<p>&nbsp;<\/p>\n<p style=\"text-align: center;\"><img loading=\"lazy\" decoding=\"async\" class=\"alignnone wp-image-56331\" src=\"https:\/\/elenalasagna.it\/wp-content\/uploads\/2024\/12\/screenshot-300x150.png\" alt=\"\" width=\"502\" height=\"251\" srcset=\"https:\/\/elenalasagna.it\/wp-content\/uploads\/2024\/12\/screenshot-300x150.png 300w, https:\/\/elenalasagna.it\/wp-content\/uploads\/2024\/12\/screenshot-1024x513.png 1024w, https:\/\/elenalasagna.it\/wp-content\/uploads\/2024\/12\/screenshot-768x385.png 768w, https:\/\/elenalasagna.it\/wp-content\/uploads\/2024\/12\/screenshot.png 1102w\" sizes=\"auto, (max-width: 502px) 100vw, 502px\" \/><\/p>\n<h4>SALUTO CARAMENTE I MIEI NIPOTI ADOTTIVI\u00a0 ALESSANDRO,\u00a0 FEDERICA\u00a0 E MARCO CHE MI OSPITERANNO LA SERA DI S. SILVESTRO.\u00a0 CON LO STESSO AFFETTO IL MIO ABBRACCIO VA AL DOTT. ROBERT,\u00a0 LINDA,\u00a0 ALESSANDRA,\u00a0 \u00a0GIOVANNI E PATTY;\u00a0 A PRESTO,\u00a0 CIAO!<\/h4>\n<p>&nbsp;<\/p>\n<h4>UN ALTRO AUGURIO SPECIALE VA A TUTTI I BAMBINI SOLI DEL MONDO!<\/h4>\n<p>&nbsp;<\/p>\n<h2 style=\"text-align: center;\"><em>BAMBINI SOLI<\/em><\/h2>\n<p>&nbsp;<\/p>\n<h4><em>Non passa un sol giorno<\/em><\/h4>\n<h4><em>Che il mio cuore non s&#8217;inquieti<\/em><\/h4>\n<p>&nbsp;<\/p>\n<h4><em>Avevi le tue ali, qualcuno le strapp\u00f2<\/em><\/h4>\n<h4><em>Quante ninna nanne l&#8217;amore ti rub\u00f2!<\/em><\/h4>\n<p>&nbsp;<\/p>\n<h4><em>Come il mare accarezza le sue onde<\/em><\/h4>\n<h4><em>Il vento della notte i campi in fiore<\/em><\/h4>\n<p>&nbsp;<\/p>\n<h4><em>Un bacio una carezza una lode si son persi<\/em><\/h4>\n<h4><em>Il cuore esplode di amara gioia<\/em><\/h4>\n<p>&nbsp;<\/p>\n<h4><em>Il corpo si consuma,\u00a0 l&#8217;anima vola sonnambula<\/em><\/h4>\n<h4><em>fra gli alberi e le case poi si perde nel buio della notte<\/em><\/h4>\n<p>&nbsp;<\/p>\n<h4><em>Prendi la mia mano,\u00a0 la dolcezza e il sonno non ti ruber\u00e0<\/em><\/h4>\n<h4><em>Non sentirai il sudore del sole<\/em><\/h4>\n<p>&nbsp;<\/p>\n<h4><em>Sognerai di volare cavalcando sui tuoi sogni<\/em><\/h4>\n<h4><em>Ti sveglierai con una carezza e la gioia dentro agli occhi.<\/em><\/h4>\n<p>&nbsp;<\/p>\n<p>&nbsp;<\/p>\n<p>Elena Lasagna \u00a9 Maggio 2009<\/p>\n<p>&nbsp;<\/p>\n<p>&nbsp;<\/p>\n<h4>CHE COSA VORRESTI DAL 2025?\u00a0 \u00a0 \u00a0I TUOI AMICI.<\/h4>\n<p>&nbsp;<\/p>\n<p>&nbsp;<\/p>\n<h4>VORREI CHE QUELL&#8217;INGIUSTO DISTACCO DA PARTE DI PERSONE INGRATE SI TRASFORMASSE,\u00a0 PROPONENDO A LORO DI RIVEDERE LE COSE COME STANNO VERAMENTE,\u00a0 PER UN PROFILO PI\u00da GIUSTO,\u00a0 PER UN VIVERE LA VITA SENZA VELI E SFUMATURE\u00a0 CHE PIANO PIANO STANNO OSCURANDO IL LORO CERVELLO.\u00a0 \u00a0DEV&#8217;ESSERE MOLTO TRISTE LA VITA CON QUEL FARDELLO DI SEGRETI E OMBRE CHE SI FANNO STRADA NELLA\u00a0 LORO ANIMA!\u00a0 \u00a0NON C&#8217;\u00c8 NIENTE DI COS\u00cd APPAGANTE CHE AFFRONTARE LA VERIT\u00c1!<\/h4>\n<h4>\u00a0 AUGURI ANCHE A VOI,\u00a0 CHE POSSIATE RITROVARE CI\u00d3 CHE \u00c8 SCIVOLATO NEL CAOS E RITROVIATE LE DIMENSIONI GIUSTE,\u00a0 PER VOI,\u00a0 PER I VOSTRI FIGLI E PER CHI AVETE OFFESO.<\/h4>\n<p>&nbsp;<\/p>\n<p>&nbsp;<\/p>\n<h4 style=\"text-align: right;\">03\/01\/2025<\/h4>\n<p>&nbsp;<\/p>\n<p>&nbsp;<\/p>\n<h4>Marco di Patty\u00a0 \u00a0 \u00a0Ci sono persone che non sopporto,\u00a0 perch\u00e9\u00a0 dettano buoni propositi solo nel periodo natalizio e per tutto il resto dell&#8217;anno si comportano male con la famiglia; ti sembra giusto?<\/h4>\n<p>&nbsp;<\/p>\n<p>&nbsp;<\/p>\n<h4>Elena\u00a0 Vedi Marco?\u00a0 \u00a0Ognuno ha il diritto di credere ai suoi buoni propositi,\u00a0 ma prima di cercare di convincere il prossimo,\u00a0 bisogna fare un attento esame di coscienza.\u00a0 Spesso chi sa di sbagliare ha sempre un&#8217;anima pi\u00f9 critica;\u00a0 quello che credo \u00e8 che amare significhi esserci\u00a0 con tutto se stessi sempre!\u00a0 Con l&#8217;anima,\u00a0 il cuore e se si pu\u00f2 la presenza fisica!\u00a0 Sia durante le festivit\u00e0 di Natale,\u00a0 Capodanno,\u00a0 che tutti gli altri giorni.\u00a0 L&#8217;importante \u00e8 amare davvero,\u00a0 tutto il resto non conta granch\u00e9!\u00a0 La superficialit\u00e0 non fa parte dell&#8217;amore!<\/h4>\n<h3 style=\"text-align: center;\"><\/h3>\n","protected":false},"excerpt":{"rendered":"<p>18\/12\/2024 &nbsp; &nbsp; &nbsp; SALUTO CARAMENTE I MIEI NIPOTI ADOTTIVI\u00a0 ALESSANDRO,\u00a0 FEDERICA\u00a0 E MARCO CHE MI OSPITERANNO LA SERA DI S. SILVESTRO.\u00a0 CON LO STESSO AFFETTO IL MIO ABBRACCIO VA AL DOTT. ROBERT,\u00a0 LINDA,\u00a0 ALESSANDRA,\u00a0 \u00a0GIOVANNI E PATTY;\u00a0 A PRESTO,\u00a0 CIAO! &nbsp; UN ALTRO AUGURIO SPECIALE VA A TUTTI I BAMBINI SOLI DEL MONDO! &nbsp; [&hellip;]<\/p>\n","protected":false},"author":2,"featured_media":0,"comment_status":"open","ping_status":"open","sticky":false,"template":"","format":"standard","meta":{"footnotes":""},"categories":[1],"tags":[],"class_list":["post-56330","post","type-post","status-publish","format-standard","hentry","category-uncategorized"],"_links":{"self":[{"href":"https:\/\/elenalasagna.it\/index.php?rest_route=\/wp\/v2\/posts\/56330","targetHints":{"allow":["GET"]}}],"collection":[{"href":"https:\/\/elenalasagna.it\/index.php?rest_route=\/wp\/v2\/posts"}],"about":[{"href":"https:\/\/elenalasagna.it\/index.php?rest_route=\/wp\/v2\/types\/post"}],"author":[{"embeddable":true,"href":"https:\/\/elenalasagna.it\/index.php?rest_route=\/wp\/v2\/users\/2"}],"replies":[{"embeddable":true,"href":"https:\/\/elenalasagna.it\/index.php?rest_route=%2Fwp%2Fv2%2Fcomments&post=56330"}],"version-history":[{"count":24,"href":"https:\/\/elenalasagna.it\/index.php?rest_route=\/wp\/v2\/posts\/56330\/revisions"}],"predecessor-version":[{"id":56358,"href":"https:\/\/elenalasagna.it\/index.php?rest_route=\/wp\/v2\/posts\/56330\/revisions\/56358"}],"wp:attachment":[{"href":"https:\/\/elenalasagna.it\/index.php?rest_route=%2Fwp%2Fv2%2Fmedia&parent=56330"}],"wp:term":[{"taxonomy":"category","embeddable":true,"href":"https:\/\/elenalasagna.it\/index.php?rest_route=%2Fwp%2Fv2%2Fcategories&post=56330"},{"taxonomy":"post_tag","embeddable":true,"href":"https:\/\/elenalasagna.it\/index.php?rest_route=%2Fwp%2Fv2%2Ftags&post=56330"}],"curies":[{"name":"wp","href":"https:\/\/api.w.org\/{rel}","templated":true}]}}