{"id":55777,"date":"2024-06-06T14:32:31","date_gmt":"2024-06-06T14:32:31","guid":{"rendered":"https:\/\/elenalasagna.it\/?p=55777"},"modified":"2025-07-31T04:22:07","modified_gmt":"2025-07-31T04:22:07","slug":"dialogando-con-voi-2","status":"publish","type":"post","link":"https:\/\/elenalasagna.it\/?p=55777","title":{"rendered":"DIALOGANDO CON VOI"},"content":{"rendered":"<p>&nbsp;<\/p>\n<h3 style=\"text-align: right;\">06\/06\/2024<\/h3>\n<p>&nbsp;<\/p>\n<p>&nbsp;<\/p>\n<p style=\"text-align: center;\"><img loading=\"lazy\" decoding=\"async\" class=\"alignnone wp-image-55778\" src=\"https:\/\/elenalasagna.it\/wp-content\/uploads\/2024\/06\/DSC01327-300x225.jpg\" alt=\"\" width=\"442\" height=\"331\" srcset=\"https:\/\/elenalasagna.it\/wp-content\/uploads\/2024\/06\/DSC01327-300x225.jpg 300w, https:\/\/elenalasagna.it\/wp-content\/uploads\/2024\/06\/DSC01327-1024x768.jpg 1024w, https:\/\/elenalasagna.it\/wp-content\/uploads\/2024\/06\/DSC01327-768x576.jpg 768w, https:\/\/elenalasagna.it\/wp-content\/uploads\/2024\/06\/DSC01327-1536x1152.jpg 1536w, https:\/\/elenalasagna.it\/wp-content\/uploads\/2024\/06\/DSC01327-2048x1536.jpg 2048w\" sizes=\"auto, (max-width: 442px) 100vw, 442px\" \/><\/p>\n<h3 style=\"text-align: center;\">Non si pu\u00f2 non abbinare queste foto della natura alla vita.<\/h3>\n<h3>(il giallo che vedete non \u00e8 un muro ma la fascia di luce che penetra attraverso gli alberi)<\/h3>\n<p>&nbsp;<\/p>\n<h3>Marco di Patty\u00a0 Sai che io al mondo ho solo mia madre?\u00a0 Ho anche un prozio,\u00a0 scapolo,\u00a0 \u00e8 il fratello di mio nonno.\u00a0 Se non avessi la mia ragazza,\u00a0 i miei due amici del cuore e ovviamente voi io sarei solo al mondo!\u00a0 Spero di non essere un peso per voi due!<\/h3>\n<p>&nbsp;<\/p>\n<p>&nbsp;<\/p>\n<h3>Elena\u00a0 Non \u00e8 vero che tu abbia poco al mondo,\u00a0 sei ricco di sentimenti e sei contraccambiato in pieno,\u00a0 sia da tua madre,\u00a0 dalla tua ragazza e anche dai tuoi due amici,\u00a0 e il tuo prozio?\u00a0 Credi che non ti voglia un bene grande?\u00a0 E su noi hai dei dubbi?\u00a0 Per noi sei un nostro nipote del cuore come del resto lo \u00e8 Federica,\u00a0 non dubitare mai!\u00a0 Anzi se tutti avessero un bene cos\u00ec immenso come hai tu da tutti noi,\u00a0 le persone sarebbero pi\u00f9 felici.\u00a0 C&#8217;\u00e8 chi ha tanti parenti,\u00a0 fratelli,\u00a0 zii,\u00a0 cugini ecc. ma se non si amano affatto meglio pochi ma buoni!\u00a0 Non trovi?\u00a0 Ci sono state\u00a0 famiglie meravigliose molto unite nonostante in casa fossero numerosi,\u00a0 \u00a0c&#8217;era una ricchezza che andava oltre i beni del denaro!\u00a0 Ora non so,\u00a0 non sono cos\u00ec numerose queste famiglie come una volta.\u00a0 Io ho rinnegato tre mie parenti acquisite perch\u00e9\u00a0 sparlavano di me su cose non vere per separarmi da mio marito perch\u00e9 vendessimo la casa,\u00a0 d&#8217;accordo con quei somaroni che girano per mettere grane ovunque nelle famiglie,\u00a0 \u00a0hai capito di chi sto parlando!\u00a0 \u00a0Quindi anche mio marito \u00e8 stato d&#8217;accordo con me per salvaguardare il nostro equilibrio!\u00a0 A me \u00e8 sempre successo che se ne perdi tre ne acquisisci 6!\u00a0 \u00a0Speriamo bene!<\/h3>\n<p>&nbsp;<\/p>\n<p>&nbsp;<\/p>\n<h3>Patty\u00a0 di Marco\u00a0 Le foto che hai nella pagina &#8221; Contatti&#8221;,\u00a0 sei tu in entrambe?<\/h3>\n<p>&nbsp;<\/p>\n<p>&nbsp;<\/p>\n<h3>Elena\u00a0 S\u00ec,\u00a0 una con i capelli raccolti e l&#8217;altra con abiti diversi e capelli sciolti.\u00a0 Ne ho altre due in internet di mie foto:\u00a0 una \u00e8 quella che mi ha scattato mio marito a casa del dott,\u00a0 Robert e Linda mentre l&#8217;altra \u00e8 nelle pagine:\u00a0 &#8220;Le mie previsioni con le mie lettere per voi&#8221; quella col cappello.\u00a0 Ne avevo altre scattate in casa mia e in casa dai miei amici ma ora non le trovo pi\u00f9 nel sito perch\u00e9 sono andati persi degli articoli;\u00a0 questo successe\u00a0 gi\u00e0 da parecchio tempo,\u00a0 comunque quando le vorrai vedere le ho qui.<\/h3>\n<p>&nbsp;<\/p>\n<p>&nbsp;<\/p>\n<h3>Patty\u00a0 A noi piacciono molto le foto che scatti per gli articoli,\u00a0 quelle che rappresentano la natura e i fiori.\u00a0 Fai bene anche a metterle negli articoli di medicina;\u00a0 non puoi certo fotografare pezzo per pezzo il corpo umano,\u00a0 sarebbe triste,\u00a0 si capisce tutto dalle tue spiegazioni.<\/h3>\n<p>&nbsp;<\/p>\n<p>&nbsp;<\/p>\n<h3 style=\"text-align: right;\">11\/06\/2024<\/h3>\n<p>&nbsp;<\/p>\n<p>&nbsp;<\/p>\n<h3>Federica\u00a0 \u00a0Ho una notizia per te che ti piacer\u00e0 moltissimo;\u00a0 io ti conosco.\u00a0 Sei invitata alla festa di battesimo del bimbo di mio fratello,\u00a0 ma soprattutto ha scelto te come madrina.\u00a0 Sei felice?\u00a0 Io moltissimo,\u00a0 spero di averti trasmesso altra luce.\u00a0 Ciao,\u00a0 a presto!<\/h3>\n<p>&nbsp;<\/p>\n<p>&nbsp;<\/p>\n<h3>Elena\u00a0 La nascita di un bambino \u00e8 sempre una gioia immensa,\u00a0 sar\u00f2 felice di fare la madrina anche al tuo nipotino;\u00a0 s\u00ec,\u00a0 perch\u00e9 adesso sei zia.\u00a0 Hai cambiato la mia giornata storta in un&#8217;immensa gioia!\u00a0 Ciao Fede,\u00a0 a presto!\u00a0 Vi mando questi fiori.<\/h3>\n<p>&nbsp;<\/p>\n<p>&nbsp;<\/p>\n<p style=\"text-align: center;\"><img loading=\"lazy\" decoding=\"async\" class=\"alignnone wp-image-55826\" src=\"https:\/\/elenalasagna.it\/wp-content\/uploads\/2024\/06\/DSC01285-300x225.jpg\" alt=\"\" width=\"436\" height=\"327\" srcset=\"https:\/\/elenalasagna.it\/wp-content\/uploads\/2024\/06\/DSC01285-300x225.jpg 300w, https:\/\/elenalasagna.it\/wp-content\/uploads\/2024\/06\/DSC01285-1024x768.jpg 1024w, https:\/\/elenalasagna.it\/wp-content\/uploads\/2024\/06\/DSC01285-768x576.jpg 768w, https:\/\/elenalasagna.it\/wp-content\/uploads\/2024\/06\/DSC01285-1536x1152.jpg 1536w, https:\/\/elenalasagna.it\/wp-content\/uploads\/2024\/06\/DSC01285-2048x1536.jpg 2048w\" sizes=\"auto, (max-width: 436px) 100vw, 436px\" \/><\/p>\n<h2 style=\"text-align: center;\">Gli auguri pi\u00f9 belli a tutti voi!<\/h2>\n<p>&nbsp;<\/p>\n<p>&nbsp;<\/p>\n<h3 style=\"text-align: right;\">13\/06\/2024<\/h3>\n<p>&nbsp;<\/p>\n<p>&nbsp;<\/p>\n<h3>Marco di Patty\u00a0 Secondo te non \u00e8 violenza quello di perseguitare una persona per anni perch\u00e9 vorrebbero che fossi come hanno pensato loro?\u00a0 Loro chi?\u00a0 Lo sai di chi sto parlando:\u00a0 dei finti tenenti Colombo.<\/h3>\n<p>&nbsp;<\/p>\n<p>&nbsp;<\/p>\n<h3>Elena\u00a0 Vedi Marco,\u00a0 \u00a0chi si aggrega a quei soggetti non \u00e8 da meno!\u00a0 Se una persona \u00e8 per bene,\u00a0 loro vorrebbero trovare il pelo nell&#8217;uovo per dire che non la \u00e8!\u00a0 E questo sai perch\u00e9?\u00a0 \u00a0Perch\u00e9 sono loro i primi ad essere cos\u00ec!\u00a0 Il tenente Colombo se li avesse conosciuti\u00a0 avrebbe pensato come me:\u00a0 che sono delle m&#8230;.\u00a0 Colombo stava addosso alle persone colpevoli,\u00a0 lui le capiva subito non ci volevano anni luce per capire un delinquente!<\/h3>\n<p>&nbsp;<\/p>\n<p>&nbsp;<\/p>\n<h3>Marco di Patty\u00a0 La persona che hai scoperto,\u00a0 quella che si chiama come te e usa le tue cose che posti in internet,\u00a0 e di sue non ne ha nemmeno una,\u00a0 \u00e8 quella del libro &#8220;I poteri dell&#8217;anima?\u00a0 Cio\u00e8 Emi?<\/h3>\n<p>&nbsp;<\/p>\n<p>&nbsp;<\/p>\n<h3>Elena\u00a0 Assolutamente no,\u00a0 questa \u00e8 una di questi paesi mi hanno detto che abita nel circondario ma io non le ho mai parlato.\u00a0 Anche se si era pettinata come me,\u00a0 non mi somiglia affatto.<\/h3>\n<p>&nbsp;<\/p>\n<p>&nbsp;<\/p>\n<h3>Marco\u00a0 Che gente strana che c&#8217;\u00e8!\u00a0 Io quando vedo una tua foto che mi piace la posto,\u00a0 ma sotto scrivo a chi appartiene.<\/h3>\n<p>&nbsp;<\/p>\n<p>&nbsp;<\/p>\n<h3>Elena\u00a0 Di persone educate come te ne esistono ancora,\u00a0 solo bisogna saperle trovare.<\/h3>\n<p>&nbsp;<\/p>\n<p>&nbsp;<\/p>\n<h3 style=\"text-align: right;\">15\/06\/2024<\/h3>\n<p>&nbsp;<\/p>\n<p>&nbsp;<\/p>\n<h3>Marco di Patty\u00a0 Hai scritto per me la storia di quando Ugo foscolo s&#8217;incontra col Parini?\u00a0 Ti ringrazio!<\/h3>\n<p>&nbsp;<\/p>\n<h3>Elena\u00a0 S\u00ec,\u00a0 \u00e8 gi\u00e0 pi\u00f9 di una settimana,\u00a0 te la volevo mandare per mio marito ma poi gi\u00e0 che l&#8217;ho qui sotto al naso la scrivo qui subito,\u00a0 in breve per\u00f2.<\/h3>\n<p>&nbsp;<\/p>\n<p>&nbsp;<\/p>\n<h3>Ugo Foscolo scrisse un romanzo su questa cosa,\u00a0 con lunghe interruzioni, dal 1797 al 1802,\u00a0 in gran parte \u00e8 autobiografico.\u00a0 Vi si narrano le sofferenze di un giovane esule veneziano, Jacopo Ortis,\u00a0 costretto a lasciare la patria dopo il trattato di Campoformio e rifugiatosi sui colli Euganei,\u00a0 s&#8217;innamora di una certa Teresa,\u00a0 dietro la quale si celano due donne veramente amate dal Foscolo,\u00a0 la veneziana Isabella Teotochi,\u00a0 che fu il suo primo amore e la pisana Isabella Roncioni,\u00a0 \u00a0che il Foscolo conobbe a Firenze,\u00a0 quando era promessa in sposa ad un altro; anche l&#8217;amore di Jacopo per Teresa \u00e8 infelice,\u00a0 perch\u00e9 la donna \u00e8 stata promessa in sposa dal padre ad un certo Odoardo.\u00a0 Allora Jacopo ,\u00a0 dopo aver viaggiato per dimenticare l&#8217;infelice destino della patria e l&#8217;impossibile amore per Teresa,\u00a0 decide freddamente di uccidersi:\u00a0 va di nascosto a Venezia per porgere l&#8217;estremo addio alla madre, e tornato sui colli Euganei,\u00a0 nei luoghi che vide sbocciare il suo disperato amore,\u00a0 si toglie la vita.\u00a0 L&#8217;incontro di cui si parla tanto nel romanzo,\u00a0 avvenne nella realt\u00e0 tra il Foscolo e Parini che si conobbero a Milano,\u00a0 ed \u00e8 quindi molto probabile che la fantasia del narratore poco abbia aggiunto al tono e agli argomenti del colloquio riferito nella lettera del romanzo.<\/h3>\n<p>&nbsp;<\/p>\n<p>&nbsp;<\/p>\n<h3>Marco di Patty\u00a0 Ma dimmi:\u00a0 in vita tua hai mai scritto una lettera anonima a qualcuno?\u00a0 \u00a0E tu ne hai ricevute? Puoi anche non rispondermi se vuoi,\u00a0 non sei obbligata a farlo.<\/h3>\n<p>&nbsp;<\/p>\n<p>&nbsp;<\/p>\n<h3>Elena\u00a0 No,\u00a0 Marco mai!\u00a0 Per me non avrebbe senso!\u00a0 Sarebbe inutile offendere qualcuno per via anonima,\u00a0 mi resterebbe ancora e per sempre la rabbia,\u00a0 le lettere anonime si scrivono perch\u00e9 non si ha il coraggio di dire la verit\u00e0 in faccia.\u00a0 La pi\u00f9 bella cosa per me sarebbe di dire sempre a tutti ci\u00f2 che penso,\u00a0 a quelli che cercano di farmi le scarpe ovviamente!\u00a0 Specialmente se mi hanno offeso oppure se mi hanno fatto del male in qualche modo.\u00a0 Io trovo che l&#8217;anonimato sia da vigliacchi e i vigliacchi non hanno fegato,\u00a0 non servono a niente.\u00a0 S\u00ec,\u00a0 io ne ho ricevute due,\u00a0 una \u00e8 stata di una signora che poi mi ha fatto capire chi era,\u00a0 ma non era offensiva nei miei riguardi,\u00a0 mi voleva informare di una cosa successa,\u00a0 perch\u00e9 la scrivessi.\u00a0 L&#8217;altra era di un mio spasimante(parlo di anni fa) rifiutato che poi per vendetta\u00a0 disse in giro cose false sul mio conto, e sulla lettera c&#8217;erano offese di ogni tipo;\u00a0 un altro deficiente! Ma io mi chiedo:\u00a0 \u00a0le persone\u00a0 non sono in grado davvero di vedere che stanno sbagliando?\u00a0 Sono proprio cos\u00ec senza cervello?\u00a0 O \u00e8 solo desiderio di fare degli altri ci\u00f2 che si vuole e sempre nel male? Mah!\u00a0 Credo di sapere la risposta ma ci vado cauta perch\u00e9 non sono una psichiatra.<\/h3>\n<p>&nbsp;<\/p>\n<p>&nbsp;<\/p>\n<h3>Marco\u00a0 Sapessi quanto mi d\u00e0 fastidio la gente falsa che prima ti parla con dolcezza stucchevole,\u00a0 poi ti sparla dietro le spalle, oppure per fregarti o per arrivare ai loro scopi!\u00a0 Anch&#8217;io sono per &#8220;vivi e lascia vivere&#8221;\u00a0 per\u00f2 certe cose vanno dette e chiarite.<\/h3>\n<p>&nbsp;<\/p>\n<p>&nbsp;<\/p>\n<h3>Elena\u00a0 Le persone leziose hanno sempre dato fastidio anche a me;\u00a0 la dolcezza sincera no!<\/h3>\n<h3><\/h3>\n<h3><\/h3>\n<h3>Marco\u00a0 Vabb\u00e8 ma la dolcezza sincera non sempre la si capisce!<\/h3>\n<h3><\/h3>\n<h3><\/h3>\n<h3>Elena\u00a0 Sbagli,\u00a0 sono certa che anche tu come me la saprai distinguere bene!\u00a0 Con la sensibilit\u00e0 che hai.<\/h3>\n<p>&nbsp;<\/p>\n<p>&nbsp;<\/p>\n<h3>Marco\u00a0 Sai quante persone vengono raggirate in internet?\u00a0 Specialmente quelle anziane e fragili,\u00a0 vuoi perch\u00e9 sono vulnerabili per le loro disgrazie,\u00a0 e cos\u00ec cascano in mano a dei delinquenti che le fanno capire di amarle,\u00a0 \u00a0invece \u00e8 solo per spillare loro del denaro.<\/h3>\n<p>&nbsp;<\/p>\n<p>&nbsp;<\/p>\n<h3>Elena\u00a0 S\u00ec,\u00a0 per\u00f2 queste persone anziane che si attaccano ai sentimenti inesistenti sono proprio esaurite,\u00a0 perch\u00e9 con l&#8217;et\u00e0 si acquisisce anche un sesto senso,\u00a0 e quindi dovrebbero vedere che un trentenne non pu\u00f2 innamorarsi di uno di settanta,\u00a0 salvo in casi rarissimi!\u00a0 Nel positivo succede quando si ha bisogno di affetto e si scambia per amore una persona di una certa et\u00e0 perch\u00e9 si sta sostituendo nella\u00a0 mente in qualche maniera l&#8217;amore del padre o della madre.\u00a0 \u00a0Oppure potrebbe nascere un&#8217;amicizia profonda ma pulita perch\u00e9 l&#8217;amore vero non ti chiede soldi in cambio!<\/h3>\n<h3><\/h3>\n<h3><\/h3>\n<p>&nbsp;<\/p>\n<p>&nbsp;<\/p>\n<p>&nbsp;<\/p>\n<p>&nbsp;<\/p>\n","protected":false},"excerpt":{"rendered":"<p>&nbsp; 06\/06\/2024 &nbsp; &nbsp; Non si pu\u00f2 non abbinare queste foto della natura alla vita. (il giallo che vedete non \u00e8 un muro ma la fascia di luce che penetra attraverso gli alberi) &nbsp; Marco di Patty\u00a0 Sai che io al mondo ho solo mia madre?\u00a0 Ho anche un prozio,\u00a0 scapolo,\u00a0 \u00e8 il fratello di [&hellip;]<\/p>\n","protected":false},"author":2,"featured_media":0,"comment_status":"open","ping_status":"open","sticky":false,"template":"","format":"standard","meta":{"footnotes":""},"categories":[6],"tags":[],"class_list":["post-55777","post","type-post","status-publish","format-standard","hentry","category-dialogando-con-voi"],"_links":{"self":[{"href":"https:\/\/elenalasagna.it\/index.php?rest_route=\/wp\/v2\/posts\/55777","targetHints":{"allow":["GET"]}}],"collection":[{"href":"https:\/\/elenalasagna.it\/index.php?rest_route=\/wp\/v2\/posts"}],"about":[{"href":"https:\/\/elenalasagna.it\/index.php?rest_route=\/wp\/v2\/types\/post"}],"author":[{"embeddable":true,"href":"https:\/\/elenalasagna.it\/index.php?rest_route=\/wp\/v2\/users\/2"}],"replies":[{"embeddable":true,"href":"https:\/\/elenalasagna.it\/index.php?rest_route=%2Fwp%2Fv2%2Fcomments&post=55777"}],"version-history":[{"count":28,"href":"https:\/\/elenalasagna.it\/index.php?rest_route=\/wp\/v2\/posts\/55777\/revisions"}],"predecessor-version":[{"id":56660,"href":"https:\/\/elenalasagna.it\/index.php?rest_route=\/wp\/v2\/posts\/55777\/revisions\/56660"}],"wp:attachment":[{"href":"https:\/\/elenalasagna.it\/index.php?rest_route=%2Fwp%2Fv2%2Fmedia&parent=55777"}],"wp:term":[{"taxonomy":"category","embeddable":true,"href":"https:\/\/elenalasagna.it\/index.php?rest_route=%2Fwp%2Fv2%2Fcategories&post=55777"},{"taxonomy":"post_tag","embeddable":true,"href":"https:\/\/elenalasagna.it\/index.php?rest_route=%2Fwp%2Fv2%2Ftags&post=55777"}],"curies":[{"name":"wp","href":"https:\/\/api.w.org\/{rel}","templated":true}]}}