{"id":52955,"date":"2023-03-29T13:52:59","date_gmt":"2023-03-29T12:52:59","guid":{"rendered":"https:\/\/www.elenalasagna.it\/?p=49404"},"modified":"2024-04-30T15:51:57","modified_gmt":"2024-04-30T15:51:57","slug":"dialogando-con-voi-27-3","status":"publish","type":"post","link":"https:\/\/elenalasagna.it\/?p=52955","title":{"rendered":"DIALOGANDO CON VOI"},"content":{"rendered":"<h4 style=\"text-align: right;\">29\/03\/2023<\/h4>\n<p style=\"text-align: center;\"><img loading=\"lazy\" decoding=\"async\" class=\"alignnone wp-image-49405 size-medium\" src=\"https:\/\/elenalasagna.it\/wp-content\/uploads\/2023\/03\/DSC00659-2-scaled-1-300x293.jpg\" alt=\"\" width=\"300\" height=\"293\" srcset=\"https:\/\/elenalasagna.it\/wp-content\/uploads\/2023\/03\/DSC00659-2-scaled-1-300x293.jpg 300w, https:\/\/elenalasagna.it\/wp-content\/uploads\/2023\/03\/DSC00659-2-scaled-1-1024x1000.jpg 1024w, https:\/\/elenalasagna.it\/wp-content\/uploads\/2023\/03\/DSC00659-2-scaled-1-768x750.jpg 768w, https:\/\/elenalasagna.it\/wp-content\/uploads\/2023\/03\/DSC00659-2-scaled-1-1536x1499.jpg 1536w, https:\/\/elenalasagna.it\/wp-content\/uploads\/2023\/03\/DSC00659-2-scaled-1-2048x1999.jpg 2048w\" sizes=\"auto, (max-width: 300px) 100vw, 300px\" \/><\/p>\n<h4>Marco di Patty\u00a0\u00a0 Riprenderemo le poesie domani,\u00a0 oggi sono curioso di sapere chi era Gramsci,\u00a0 come mor\u00ec,\u00a0 ecc.\u00a0 grazie!<\/h4>\n<h4>Antonio Gramsci nacque in Sardegna,\u00a0 ad Ales Cagliari,\u00a0 era di famiglia modesta,\u00a0 a Cagliari frequent\u00f2 gli studi liceali e a 17 anni si rec\u00f2 a Torino e frequent\u00f2 l&#8217;universit\u00e0.\u00a0 Si interess\u00f2 subito delle condizioni della classe operaia, e dell&#8217;organizzazione del lavoro in Italia.\u00a0 Poi si iscrisse nel partito socialista, e insieme a Togliatti P.\u00a0 e a Terracini U.\u00a0 fond\u00f2la rivista &#8220;Ordine nuovo&#8221;.\u00a0 Poi si distacc\u00f2\u00a0\u00a0 dal partito socialista e con altri suoi compagni fond\u00f2 il partito comunista italiano,\u00a0 nel famoso Congresso di Livorno.\u00a0 Quando il fascismo s&#8217;impadron\u00ec definitivamente del governo,\u00a0 Gramsi continu\u00f2 la sua opera di resistenza alla dittatura.\u00a0 Fu eletto deputato,\u00a0 e godendo dell&#8217;immunit\u00e0 parlamentare,\u00a0 fu arrestato e confinato nell&#8217;isola di Ustica.\u00a0 Processato da un tribunale creato dal fascismo venne condannato a venti anni di reclusione da scontare nella casa penale di Turi in provincia di Bari.\u00a0 In carcere si ammal\u00f2 di una grave malattia e lo condusse alla morte nel 1937.\u00a0 I suoi scritti sono oggi raccolti nelle lettere dal carcere e nei quaderni del carcere.\u00a0 Prima di ammalarsi Gramsci vinse l&#8217;isolamento avvilente con miracolosa energia intellettuale e morale;\u00a0 un uomo politico e di cultura,\u00a0 fu naturalmente maestro, chiedendo alle lettere e alle note la parola che gli si toglieva imprigionandolo. Il resoconto minuzioso non \u00e8 passatempo ma dono di vita,\u00a0 testimonianza di un sentire che chiede di vivere con gli altri,\u00a0 di dialogare.\u00a0 Al figlio nato dopo il suo arresto,\u00a0 si rivolge con seriet\u00e0,\u00a0 senza alcuna pretesa di imporgli le proprie idee.\u00a0 Egli stimola il giovane a sviluppare le sue capacit\u00e0,\u00a0 quelle molte forze latenti presenti in lui,\u00a0 confermando con forza e serenit\u00e0 la vocazione del ragazzo ad una vita libera e dignitosa!\u00a0 Elena\u00a0 L.<\/h4>\n<h4>Elena\u00a0 Dimmi se ti basta,\u00a0 o vuoi tutta la pappardella della sua vita i passaggi ,\u00a0 tutte\u00a0 le date ecc.<\/h4>\n<h4>Marco di Patty\u00a0\u00a0 S\u00ec,\u00a0 mi piace e secondo me \u00e8 fatto molto bene.\u00a0\u00a0 Cambiando argomento, mia madre \u00e8 ancora giovane, sono molti anni che \u00e8 sola,\u00a0 ha solo me,\u00a0 a volte guarda &#8220;Uomini E donne&#8221; ,\u00a0 io le ho detto che se volesse partecipare alla trasmissione per trovare un compagno,\u00a0 potrebbe andarci che io acconsentirei,\u00a0 si merita un po&#8217; di felicit\u00e0.\u00a0 Per\u00f2\u00a0 questa settimana mi ha detto che stanno facendo una specie di bullismo a una signora che si chiama Gemma,\u00a0 la fanno piangere,\u00a0 e pensare che \u00e8 una signora intelligente,\u00a0 elegante e colta,\u00a0 la mamma si \u00e8 raffreddata,\u00a0 e mi ha detto che se facessero cos\u00ec con lei li denuncerebbe,\u00a0 per questo dice che sar\u00e0 l&#8217;ultima settimana che guarda questa trasmissione,\u00a0 sta dalla parte della signora Gemma.<\/h4>\n<h4 style=\"text-align: right;\">30\/03\/2023<\/h4>\n<h4>Marco\u00a0 di Patty\u00a0\u00a0 Ho scelto o meglio dire abbiamo scelto G.Leopardi,\u00a0 ma non le solite poesie famose,\u00a0 ma una meno conosciuta\u00a0 che si intitola &#8221; Canto notturno di un pastore errante dell&#8217;Asia&#8221;;\u00a0 \u00e8 una poesia molto lunga,\u00a0 ti lascio il tempo per prepararla.\u00a0 Grazie!<\/h4>\n<h4>Elena\u00a0 Questa poesia \u00e8 lunga s\u00ec,\u00a0 ma tutto sommato riaffiora sempre l&#8217;animo triste del poeta,\u00a0 quella malinconia\u00a0 data dall&#8217;amarezza che si porta dietro in molte delle sue poesie a causa anche delle confittualit\u00e0 con il padre e per la vita che lui non pu\u00f2 cambiare.\u00a0 Infatti in questo canto esprime i temi pi\u00f9 autentici della sua meditazione sulla vita:\u00a0 della sua riflessione pi\u00f9 pacata sulla vita e sulla morte con disincantata filosofia. Una riflessione dolorosa sul male di vivere sulla noia e sulla malvagit\u00e0\u00a0\u00a0 della natura.\u00a0 L&#8217;unica certezza che il poeta,\u00a0 per quello che dice l&#8217;umile pastore,\u00a0 di avere,\u00a0 \u00e8 che quello che prova in questa esistenza e cio\u00e8 il &#8220;male di vivere&#8221;,\u00a0 ritiene che sia peggiore del male della noia.\u00a0 La vita \u00e8 descritta come un affannarsi verso il precipizio,\u00a0 una fuga faticosa verso la morte e dice anche che la vita non ha senso;\u00a0 niente per lui nell&#8217;universo ha un senso perch\u00e9 sostiene che tutto sia dominato da leggi che riducono i fenomeni del mondo fisico al movimento spaziale dei corpi.\u00a0 Qui la sua forza di polemica dolorosa trova sollievo in un canto,\u00a0 allo stesso tempo dolente e pacato,\u00a0 e nonostante la freddezza\u00a0 con cui il poeta esprime il suo pensiero,\u00a0 l&#8217;aver trasferito ad un pastore i suoi profondi interrogativi sul dolore e sul significato dell&#8217;esistenza,\u00a0 genera un&#8217;atmosfera in cui la riflessione diventa pi\u00f9 serena per l&#8217;ingenuit\u00e0 e la semplicit\u00e0 con cui il pastore interroga la giovinetta immortale.\u00a0 Le dolorose certezze del poeta\u00a0 sfociano come dolenti interrogativi negli stupori di un&#8217;anima pura,\u00a0 nell&#8217;illusione che questa possa conoscere il significato misterioso della vita.\u00a0 Questa lucida consapevolezza dell&#8217;impossibilit\u00e0 di essere felici d\u00e0 a questo canto un tono pi\u00f9 sereno e per questo anche se sa cosa significa per lui la vita nasconde il suo grande dolore\u00a0\u00a0 e\u00a0 si trattiene dalle imprecazioni e dalla polemica aspra.\u00a0 Elena\u00a0 L.<\/h4>\n<h4 style=\"text-align: right;\">31\/03\/2023<\/h4>\n<h4>Marco\u00a0\u00a0 Ho preparato una poesia di U.\u00a0 Foscolo,\u00a0 &#8220;La morte del fratello Giovanni&#8221;.<\/h4>\n<h4>Elena\u00a0 Questo sonetto il Foscolo lo scrisse per la morte del fratello suicidato;\u00a0 era in esilio e si rivolse al fratello come se fosse ancora vivo.\u00a0 Solo la madre si reca sulla sua tomba,\u00a0 il poeta conosce bene il dolore della madre,\u00a0 vorrebbe accorrere presso di lei,\u00a0 ma lui non pu\u00f2 fare altro che tendere sconsolatamente le braccia verso di loro;\u00a0 sente l&#8217;avversit\u00e0 del destino e gli intimi affanni del fratello che gli resero insopportabile la vita,\u00a0 e anche lui aspira alla quiete che ha trovato il fratello nella morte.<\/h4>\n<h4>Il fratello Giovanni era un militare con il grado di primo tenente,\u00a0 si uccise con il pugnale per sottrarsi al disonore di un processo per furto.\u00a0 Fu denunciato da un sottoispettore che gli diede in prestito la somma prelevata dalla cassa della guerra,\u00a0 per far fronte a un debito di gioco,\u00a0 somma che il fratello Giovanni non riusc\u00ec mai a restituire.\u00a0 Nel Sonetto non si parla di questa cosa,\u00a0 ma si nota moltissimo la sua espressione mesta,\u00a0 dolente che non sa giudicare il gesto del fratello,\u00a0 ma contempla attraverso la propria esperienza i secreti affanni che travagliano la vita.\u00a0 Elena\u00a0 L.<\/h4>\n<h4>Marco\u00a0 Quanti sentimenti racchiude una poesia:\u00a0\u00a0 espressioni di gioia,\u00a0 di dolore di tutta la vita presente,\u00a0 passata e futura.\u00a0 Grazie!\u00a0 A domani.<\/h4>\n<h4 style=\"text-align: right;\">02\/04\/2023<\/h4>\n<h4>Marco di Patty\u00a0\u00a0 Indovina che poesia ho preparato per la prosa?\u00a0 &#8220;La cavalla storna&#8221; di G.\u00a0 Pascoli,\u00a0 l&#8217;ho letta,\u00a0 \u00e8 molto bella.\u00a0 E tu l&#8217;hai studiata tempo fa?<\/h4>\n<h4>Elena\u00a0 S\u00ec,\u00a0 certo,\u00a0 \u00e8 una delle prime prose che feci tempo fa.<\/h4>\n<h4>La poesia parla della vita del poeta dopo la tragedia del padre,\u00a0\u00a0 si ripercosse indebitamente nella sua vita che ne risent\u00ec cos\u00ec tanto da cambiare il suo carattere e la sua esistenza. La cattiveria degli assassini del padre lo port\u00f2 alla conclusione che gli uomini della terra non sono altro che atomi del male e che per avidit\u00e0 sono disposti a tutto perfino ad uccidere un uomo a bruciapelo cos\u00ec buono e giusto.\u00a0 Lui non riusc\u00ec pi\u00f9 ad essere quel ragazzo felice come quando vivevano tutti\u00a0 insieme nella sua famiglia;\u00a0 ora tutto il mondo gli sembra ostile da quella sera che suo padre fu ucciso.\u00a0 La famiglia Pascoli viveva nella tenuta dei Torlonia in Romagna di cui il padre Ruggero ne era amministratore.\u00a0 Una sera mentre tornava dal mercato di Cesena col calesse tirato dalla sua amata cavalla\u00a0 qualcuno gli spar\u00f2 con un fucile,\u00a0 la cavalla che aveva per il suo padrone grande amore,\u00a0 si liber\u00f2 dalle briglie vincendo il suo istinto alla corsa,\u00a0 e lo condusse a casa lentamente come se avesse capito che il suo padrone era agonizzante.\u00a0 Il Pascoli parla della madre che rassegnata all&#8217;omert\u00e0\u00a0 o alla vigliaccheria della gente,\u00a0 cerca di parlare con la cavalla,\u00a0 implorandola di confermare i suoi sospetti,\u00a0 quando pronunci\u00f2 un nome la cavalla rispose con un nitrito si contrappose alla malvagit\u00e0 degli uomini;\u00a0 lei un animale cos\u00ec fedele mentre gli uomini malvagi uccidono per niente.\u00a0 Non si seppe mai pubblicamente chi fu l&#8217;assassino di quella sera che tolse alla sua famiglia un vero uomo d&#8217;onore,\u00a0 ma i loro sospetti furono confermati dalla cavalla anche pi\u00f9 di una volta.\u00a0 Elena\u00a0 L.<\/h4>\n<h4 style=\"text-align: right;\">04\/04\/2023<\/h4>\n<h4>Marco di Patty\u00a0\u00a0 Il professore ci ha scelto una poesia di Cesare Pavese &#8221; Semplicit\u00e0&#8221;;\u00a0 vorrei tanto che me la spiegassi ancora in prosa.\u00a0 E la sua biografia la conosci?\u00a0 Ti ringrazio.<\/h4>\n<h4>Elena\u00a0\u00a0 S\u00ec,\u00a0 conosco perfettamente anche le poesie di Cesare Pavese,\u00a0 le ho sempre imparate tutte.<\/h4>\n<h4>C. Pavese\u00a0 nacque nel 1908 a S. Stefano Belbo,\u00a0 un piccolo paese delle Langhe.\u00a0\u00a0 Studi\u00f2 a Torino dove si laure\u00f2 in lettere.\u00a0 Insegn\u00f2 alle scuole serali come supplente,\u00a0 ma non pot\u00e8 essere mai di ruolo perch\u00e9 non era iscritto al partito fascista.\u00a0 Nel 1930 cominci\u00f2 a collaborare con saggi sulla letteratura americana alla rivista &#8220;La Cultura&#8221; di cui nel 1934 ne assunse la direzione;\u00a0 in quella stessa epoca cominci\u00f2 la sua opera di traduttore\u00a0 di autori inglesi e americani.\u00a0 Nel 1935 fu arrestato per antifascismo e confinato a Brancaleone Calabro da cui torn\u00f2 nel 1936.\u00a0\u00a0\u00a0 Fu uno dei principali animatori e dirigenti della casa editrice Einaudi,\u00a0 sorta in quegli anni.\u00a0 La sua vita la pass\u00f2 ininterrottamente quasi tutta a Torino,\u00a0 dove mor\u00ec suicida nel 1950.\u00a0 Delle sue opere ricordiamo:\u00a0 I volumi di prosa &#8220;Paesi tuoi,\u00a0 Feria d&#8217;agosto,\u00a0 Il compagno,\u00a0 Dialoghi con Leuc\u00f2,\u00a0\u00a0 Prima che il gallo canti,\u00a0 La bella estate,\u00a0 La luna e i fal\u00f2,\u00a0 le raccolte di poesie Lavorare stanca,\u00a0 e Postuma.\u00a0 Verr\u00e0 la morte e avr\u00e0 i tuoi occhi,\u00a0 il mestiere di vivere,\u00a0 Diario,\u00a0 Notte di festa,\u00a0 La letteratura americana e altri saggi raccolta quasi integrale degli articoli e dei saggi,\u00a0 e i due volumi delle lettere.<\/h4>\n<h4>La poesia &#8220;Semplicit\u00e0 la scrisse durante il suo esilio a Brancaleone Calabro. L&#8217;idea di libert\u00e0 per il carcerato si identifica,\u00a0 con la libera e velocissima corsa delle lepri.\u00a0 Una volta libero per\u00f2 l&#8217;uomo si ritrova oppresso dalla nebia d&#8217;inverno,\u00a0 dai muri di strade,\u00a0 dall&#8217;acqua fredda e la prigione rivive ogni volta che morde in un pezzo di pane&#8230; Il ricordo della prigione non abbandona mai l&#8217;uomo che vi \u00e8 stato.\u00a0 La libert\u00e0 sognata fra le mura di un carcere non si riacquista uscendone,\u00a0 perch\u00e9 l&#8217;isolamento materiale si trasforma in solitudine esistenziale per l&#8217;uomo;\u00a0 \u00e8 questo il concetto essenziale della poesia.\u00a0 I campi arati i ciuffi di rovo spogliati lungo l&#8217;argine ancora verde in agosto,\u00a0 e prima,\u00a0 i riferimenti della citt\u00e0,\u00a0 all&#8217;osteria,\u00a0 alla stalla,\u00a0 richiamano il giudizio espresso dallo stesso poeta e scrittore su &#8220;Lavorare stanca&#8221; ,\u00a0 la sua prima raccolta poetica,\u00a0 definita &#8220;l&#8217;avventura dell&#8217;adolescente&#8221; che orgoglioso della sua campagna, immagina con simile la citt\u00e0,\u00a0 ma vi trova la solitudine e vi rimedia col sesso e la passione che serviranno soltanto a sradicarlo e gettarlo lontano da campagna e citt\u00e0,\u00a0 in una pi\u00f9 tragica solitudine che sar\u00e0 la fine dell&#8217;adolescenza.\u00a0\u00a0 E con questa prosa chiudiamo anche questo articolo. \u00a0 Aspetto altre poesie. Ciao!<\/h4>\n","protected":false},"excerpt":{"rendered":"<p>29\/03\/2023 Marco di Patty\u00a0\u00a0 Riprenderemo le poesie domani,\u00a0 oggi sono curioso di sapere chi era Gramsci,\u00a0 come mor\u00ec,\u00a0 ecc.\u00a0 grazie! Antonio Gramsci nacque in Sardegna,\u00a0 ad Ales Cagliari,\u00a0 era di famiglia modesta,\u00a0 a Cagliari frequent\u00f2 gli studi liceali e a 17 anni si rec\u00f2 a Torino e frequent\u00f2 l&#8217;universit\u00e0.\u00a0 Si interess\u00f2 subito delle condizioni della [&hellip;]<\/p>\n","protected":false},"author":1,"featured_media":0,"comment_status":"closed","ping_status":"open","sticky":false,"template":"","format":"standard","meta":{"footnotes":""},"categories":[31],"tags":[],"class_list":["post-52955","post","type-post","status-publish","format-standard","hentry","category-varie"],"_links":{"self":[{"href":"https:\/\/elenalasagna.it\/index.php?rest_route=\/wp\/v2\/posts\/52955","targetHints":{"allow":["GET"]}}],"collection":[{"href":"https:\/\/elenalasagna.it\/index.php?rest_route=\/wp\/v2\/posts"}],"about":[{"href":"https:\/\/elenalasagna.it\/index.php?rest_route=\/wp\/v2\/types\/post"}],"author":[{"embeddable":true,"href":"https:\/\/elenalasagna.it\/index.php?rest_route=\/wp\/v2\/users\/1"}],"replies":[{"embeddable":true,"href":"https:\/\/elenalasagna.it\/index.php?rest_route=%2Fwp%2Fv2%2Fcomments&post=52955"}],"version-history":[{"count":1,"href":"https:\/\/elenalasagna.it\/index.php?rest_route=\/wp\/v2\/posts\/52955\/revisions"}],"predecessor-version":[{"id":54458,"href":"https:\/\/elenalasagna.it\/index.php?rest_route=\/wp\/v2\/posts\/52955\/revisions\/54458"}],"wp:attachment":[{"href":"https:\/\/elenalasagna.it\/index.php?rest_route=%2Fwp%2Fv2%2Fmedia&parent=52955"}],"wp:term":[{"taxonomy":"category","embeddable":true,"href":"https:\/\/elenalasagna.it\/index.php?rest_route=%2Fwp%2Fv2%2Fcategories&post=52955"},{"taxonomy":"post_tag","embeddable":true,"href":"https:\/\/elenalasagna.it\/index.php?rest_route=%2Fwp%2Fv2%2Ftags&post=52955"}],"curies":[{"name":"wp","href":"https:\/\/api.w.org\/{rel}","templated":true}]}}