{"id":52858,"date":"2022-03-30T14:03:38","date_gmt":"2022-03-30T13:03:38","guid":{"rendered":"https:\/\/www.elenalasagna.it\/?p=46215"},"modified":"2022-03-30T14:03:38","modified_gmt":"2022-03-30T13:03:38","slug":"i-nostri-amici-animali-due-2-3","status":"publish","type":"post","link":"https:\/\/elenalasagna.it\/?p=52858","title":{"rendered":"I NOSTRI AMICI ANIMALI SEI"},"content":{"rendered":"<h4 style=\"text-align: right;\">30\/03\/2022<\/h4>\n<p>&nbsp;<\/p>\n<p>&nbsp;<\/p>\n<h4>Mio nonno si sente solo,\u00a0 non vuole amici in casa,\u00a0 quando vado l\u00e0 con i miei compagni di scuola,\u00a0 lui dopo un po&#8217; si arrabbia e mi fa capire che dobbiamo andare via;\u00a0 io gli voglio molto bene,\u00a0 lui prima era pi\u00f9 dolce, ma ora che ha perso la nonna \u00e8 diventato molto nervoso,\u00a0 cosa mi dici di fare per lui?<\/h4>\n<p>&nbsp;<\/p>\n<h4>Io credo che dovresti regalargli un bel cagnolino,\u00a0 non troppo grande cos\u00ec se lo alleva lui e\u00a0 si affeziona;\u00a0 fa molto bene la compagnia di questi animali\u00a0 alle persone sole,\u00a0 prova,\u00a0 poi fammi sapere.\u00a0 Elena\u00a0 L.<\/h4>\n<p>&nbsp;<\/p>\n<h4 style=\"text-align: right;\">01\/03\/2022<\/h4>\n<p>&nbsp;<\/p>\n<h4>Per il compleanno di mamma le hanno regalato un uccellino variopinto con la gabbia, non so di che razza si tratti,\u00a0 ma non \u00e8 certo di queste parti;\u00a0 per me vive in paesi\u00a0 tropicali,\u00a0 mi tenta\u00a0 la voglia di aprire la gabbietta ,\u00a0 uno di questi giorni credo che lo liberer\u00f2.<\/h4>\n<p>&nbsp;<\/p>\n<p>&nbsp;<\/p>\n<h4>Certo che vedere quegli esserini che non hanno mai fatto male a nessuno in prigione,\u00a0 non si pu\u00f2 sopportare,\u00a0 per\u00f2 se questo animaletto \u00e8 tipico dei paesi caldi,\u00a0 se lo liberi pu\u00f2 darsi che trovi ancora prima la morte che non restare l\u00ec nella gabbietta al caldo.\u00a0 Cerca di scoprire attraverso internet di che uccello si tratta,\u00a0 poi dovrai\u00a0 fare le tue valutazioni,\u00a0 se credi che possa vivere liberamente anche in zone fredde,\u00a0 allora sono io la prima a suggerirti di aprire la gabbia!\u00a0 Elena\u00a0 L.<\/h4>\n<p>&nbsp;<\/p>\n<h4 style=\"text-align: right;\">02\/04\/2022<\/h4>\n<p>&nbsp;<\/p>\n<h4>Come si fa ad ammazzare gli agnellini per mangiarli?\u00a0 Se i miei lo faranno io giuro che andr\u00f2 nei frati.<\/h4>\n<p>&nbsp;<\/p>\n<h4>Perch\u00e9 tu credi che i frati non mangino la carne?\u00a0 Agnellini,\u00a0 conigli,\u00a0 maiali,\u00a0 vitellini,\u00a0 che importanza ha uno o l&#8217;altro,\u00a0 sempre animali sono.\u00a0 Mangiare la carne non \u00e8 peccato,\u00a0 dipende dalle idee della gente,\u00a0 anch&#8217;io da piccola non mi piaceva vedere uccidere il maiale,\u00a0 le galline,\u00a0 ero proprio come te,\u00a0 ma poi la vita ti mette davanti a prove pi\u00f9 dure e pi\u00f9 importanti,\u00a0 ed ho incominciato a mangiarla anch&#8217;io,\u00a0 non c&#8217;\u00e8 nessun reato in questo,\u00a0 l&#8217;importante \u00e8 non soffrire,\u00a0 se soffri per questa cosa,\u00a0 nessuno ti impedir\u00e0 di essere vegano,\u00a0 ma lascia che gli altri decidano per se stessi.\u00a0 Elena\u00a0 L.<\/h4>\n<p>&nbsp;<\/p>\n<h4 style=\"text-align: right;\">04\/04\/2022<\/h4>\n<p>&nbsp;<\/p>\n<h4>Se dovesse morire il mio cane io non so se riuscirei a sopportarlo;\u00a0 per me \u00e8 pi\u00f9 di una persona,\u00a0 avevo un amichetto di cui ero molto affezionato, mi ha tradito rubandomi il mio compito in classe,\u00a0 da allora non l&#8217;ho mai pi\u00f9 voluto vedere,\u00a0 quindi non riesco a descriverti il bene che voglio al mio cane.<\/h4>\n<p>&nbsp;<\/p>\n<h4>Il bene che si prova per un cane \u00e8 grande quasi come si potr\u00e0 amare una persona,\u00a0 ma deve esserci equilibrio,\u00a0 quando succedono certe cose come la morte del proprio cane (io l&#8217;ho provato)\u00a0 se ami i tuoi genitori,\u00a0 amici e altre persone care,\u00a0 soffrirai di meno.\u00a0 Non devi chiuderti a riccio lasciando fuori tutti tranne il cane,\u00a0 non va bene.<\/h4>\n<p>&nbsp;<\/p>\n<h4 style=\"text-align: right;\">11\/04\/2022<\/h4>\n<p>&nbsp;<\/p>\n<h4>Ho sentito dire che ci sono persone vampiri che poi si trasformano in uccelli,\u00a0 secondo te pu\u00f2 essere vero?<\/h4>\n<p>&nbsp;<\/p>\n<h4>Non ti dovresti chiudere all&#8217;ascolto di voci che non ti possono insegnare nulla.\u00a0 Mi piace la fantasia senza confini,\u00a0 ma deve venire dalla tua mente e non volare con la mente di altre persone che non sai nemmeno se sono sane di mente.\u00a0 Per odio pu\u00f2 nascere di tutto ma la fantasia \u00e8 bella quando \u00e8 sana e non coinvolge persone innocenti.\u00a0 \u00a0 Elena\u00a0 L.<\/h4>\n<p>&nbsp;<\/p>\n<h4 style=\"text-align: right;\">15\/04\/2022<\/h4>\n<p>&nbsp;<\/p>\n<h4>Abito in periferia,\u00a0 spesso sento degli spari,\u00a0 mi hanno detto che sono persone che uccidono decine e centinaia di piccioni,\u00a0 \u00a0perch\u00e9 non li mettono in galera?<\/h4>\n<p>&nbsp;<\/p>\n<h4>Non posso offendere queste persone perch\u00e9\u00a0 lo fanno per il bene dei lavoratori che hanno stalle occupate da mucche,\u00a0 vitellini,\u00a0 \u00a0maiali,\u00a0 ecc.\u00a0 Sembra che questi piccioni siano portatori di malattie,\u00a0 che poi si trasmettono nel latte delle mucche;\u00a0 certo fa male anche a me sentire certe cose,\u00a0 ma se \u00e8 per una buona causa non possiamo farci niente;\u00a0 perch\u00e9 anche mettere i piccioni nelle gabbie morirebbero presto,\u00a0 loro vivono bene liberi e devono volare.\u00a0 Elena\u00a0 L.<\/h4>\n<p>&nbsp;<\/p>\n<h4 style=\"text-align: right;\">21\/04\/2022<\/h4>\n<p>&nbsp;<\/p>\n<h4>Perch\u00e9 non fanno una legge che vieti il possesso di animali esotici come le scimmie,\u00a0 i tigrotti,\u00a0 e tutti gli altri?\u00a0 Qui da da noi stanno male!\u00a0 Io soffro per questo! Non c&#8217;\u00e8 quel clima dei paesi esotici.<\/h4>\n<p>&nbsp;<\/p>\n<h4>Qualcuno non ti ha mai detto che non siamo tutti uguali?\u00a0 Ci sono persone cos\u00ec appassionate per questi animali che non riescono a farne a meno.\u00a0 L&#8217;importante \u00e8 che se ne prendino cura e che durante il periodo delle vacanze non vengano abbandonati a loro stessi.\u00a0 Purtroppo tempo fa mi\u00a0 capit\u00f2 di vedere un cagnolino sull&#8217;autostrada da solo e spaventato,\u00a0 quando dopo un&#8217;ora rientrammo non c&#8217;era pi\u00f9,\u00a0 probabilmente qualcuno lo salv\u00f2.\u00a0 Chi ama gli animali non li fa soffrire e non li abbandona.\u00a0 Elena\u00a0 L.<\/h4>\n<p>&nbsp;<\/p>\n<p>&nbsp;<\/p>\n<h4 style=\"text-align: right;\">26\/04\/2022<\/h4>\n<p>&nbsp;<\/p>\n<h4>Mio nonno mi ha raccontato che non molto tempo fa aveva un vicino di casa molto strano,\u00a0 aveva\u00a0 ammaestrato una gazza ladra e d&#8217;estate andava nelle camere di altri vicini e prendeva sui mobili che trovava degli oggetti luccicanti e a volte c&#8217;erano anche anelli e catenine d&#8217;oro;\u00a0 lui dice che \u00e8 una storia vera,\u00a0 \u00e8 successa in una citt\u00e0 del Veneto,\u00a0 ci credi?<\/h4>\n<h4><\/h4>\n<h4>Certo che ci credo, perch\u00e9 una persona seria come tuo nonno dovrebbe mentirti?\u00a0 So che le gazze ladre sono attratte\u00a0 da\u00a0 oggetti luccicanti,\u00a0 ma se qualcuno poi le accudisce ammaestrandole a rubare loro non ne hanno nessuna colpa,\u00a0 sono uccelli intelligenti,\u00a0 se si affezionano a\u00a0 qualcuno non si staccano pi\u00f9.\u00a0 \u00a0Elena\u00a0 L.<\/h4>\n<p>&nbsp;<\/p>\n<p>&nbsp;<\/p>\n<h4 style=\"text-align: right;\">30\/04\/2022<\/h4>\n<p>&nbsp;<\/p>\n<h4>Vicino a casa mia c&#8217;\u00e8 un signore che ha moltissime arnie,\u00a0 io non riesco a vedere tutte quelle api cos\u00ec indaffarate a lavorare,\u00a0 non lo trovo giusto!\u00a0 Si potrebbe fare qualcosa perch\u00e9 queste cose non avvengano pi\u00f9?<\/h4>\n<p>&nbsp;<\/p>\n<p>&nbsp;<\/p>\n<h4>Io spero proprio di no,\u00a0 non sai darti pace! Sei iperprotettivo verso gli animali,\u00a0 questo \u00e8 bello,\u00a0 ma bisogna distinguere il bene dal male.\u00a0 Cerchi la pace ma ti diverti a provocare,\u00a0 il tuo spazio silenzioso \u00e8 pieno di ombre.\u00a0 Le api sono un dono del cielo,\u00a0 sono state create dalla natura per compiere il loro disegno di vita per tutti noi;\u00a0 credo che i tuoi insegnanti ti abbiano parlato delle api,\u00a0 lo si fa in tutte le scuole elementari o addirittura s&#8217;incomincia gi\u00e0 a disegnarne la loro importanza anche alla scola materna.\u00a0 Pensaci,\u00a0 ormai hai quasi dieci anni,\u00a0 non due.\u00a0 Sono contenta di ascoltare le tue preoccupazioni,\u00a0 solo quando si tratta di cose ingiuste verso gli animali,\u00a0 ma questa \u00e8 una cosa naturale;\u00a0 dovremmo prendere esempio dalle api!\u00a0 Elena\u00a0 L.<\/h4>\n<p>&nbsp;<\/p>\n<h4 style=\"text-align: right;\">14\/05\/2022<\/h4>\n<p>&nbsp;<\/p>\n<h4>Come sai mi piacciono molto gli animali,\u00a0 cos\u00ec tanto che vivrei allo zoo.\u00a0 Mi piacerebbe anche una scimmietta,\u00a0 ma non vorrei che il clima\u00a0 nostro la ammalasse.\u00a0 Tu cosa dici?<\/h4>\n<h4><\/h4>\n<h4><\/h4>\n<h4>Se li ami davvero dovresti tenere solo\u00a0 \u00a0animali domestici e o da cortile,\u00a0 tu sai che il nostro ambiente non \u00e8 adatto per gli animali esotici,\u00a0 loro stanno bene nella giungla,\u00a0 insieme ad altri animali.\u00a0 L\u00e0 vivono,\u00a0 combattono ogni giorno per la sopravvivenza,\u00a0 ma sono felici.\u00a0 Si arrampicano sugli alberi pi\u00f9 alti,\u00a0 trovano il cibo adatto a loro,\u00a0 qui non hanno nulla del loro ambiente.\u00a0 Pensaci!\u00a0 Elena\u00a0 L.<\/h4>\n<p>&nbsp;<\/p>\n<p>&nbsp;<\/p>\n<h4 style=\"text-align: right;\">30\/05\/2022<\/h4>\n<p>&nbsp;<\/p>\n<h4>C&#8217;\u00e8 un proverbio che dice:\u00a0 chi non ama gli animali non ama nemmeno la gente,\u00a0 sar\u00e0 vero?\u00a0 \u00a0Perch\u00e9 mia madre non vuole che il cagnolino venga a dormire in casa.<\/h4>\n<p>&nbsp;<\/p>\n<p>&nbsp;<\/p>\n<h4>Io non credo proprio,\u00a0 tua madre ama le persone come altri amano gli animali.\u00a0 \u00a0Ci sono persone che forse credono di amare gli animali,\u00a0 ma li usano,\u00a0 altri invece dicono di amare gli animali e poi\u00a0 fanno del male gratuito alla gente!\u00a0 C&#8217;\u00e8 di tutto!\u00a0 Sai cosa c&#8217;\u00e8?\u00a0 \u00a0C&#8217;\u00e8 che tua madre \u00e8 una persona molto ma molto scrupolosa per l&#8217;igiene e forse avr\u00e0 paura che se dormi con il cane possa in qualche modo trasmetterti qualche virus,\u00a0 niente di pi\u00f9.<\/h4>\n<p>&nbsp;<\/p>\n<p>&nbsp;<\/p>\n<p>&nbsp;<\/p>\n","protected":false},"excerpt":{"rendered":"<p>30\/03\/2022 &nbsp; &nbsp; Mio nonno si sente solo,\u00a0 non vuole amici in casa,\u00a0 quando vado l\u00e0 con i miei compagni di scuola,\u00a0 lui dopo un po&#8217; si arrabbia e mi fa capire che dobbiamo andare via;\u00a0 io gli voglio molto bene,\u00a0 lui prima era pi\u00f9 dolce, ma ora che ha perso la nonna \u00e8 diventato [&hellip;]<\/p>\n","protected":false},"author":1,"featured_media":0,"comment_status":"closed","ping_status":"open","sticky":false,"template":"","format":"standard","meta":{"footnotes":""},"categories":[15],"tags":[811],"class_list":["post-52858","post","type-post","status-publish","format-standard","hentry","category-i-nostri-amici-animali","tag-mio-nonno-si-sente-solo"],"_links":{"self":[{"href":"https:\/\/elenalasagna.it\/index.php?rest_route=\/wp\/v2\/posts\/52858","targetHints":{"allow":["GET"]}}],"collection":[{"href":"https:\/\/elenalasagna.it\/index.php?rest_route=\/wp\/v2\/posts"}],"about":[{"href":"https:\/\/elenalasagna.it\/index.php?rest_route=\/wp\/v2\/types\/post"}],"author":[{"embeddable":true,"href":"https:\/\/elenalasagna.it\/index.php?rest_route=\/wp\/v2\/users\/1"}],"replies":[{"embeddable":true,"href":"https:\/\/elenalasagna.it\/index.php?rest_route=%2Fwp%2Fv2%2Fcomments&post=52858"}],"version-history":[{"count":0,"href":"https:\/\/elenalasagna.it\/index.php?rest_route=\/wp\/v2\/posts\/52858\/revisions"}],"wp:attachment":[{"href":"https:\/\/elenalasagna.it\/index.php?rest_route=%2Fwp%2Fv2%2Fmedia&parent=52858"}],"wp:term":[{"taxonomy":"category","embeddable":true,"href":"https:\/\/elenalasagna.it\/index.php?rest_route=%2Fwp%2Fv2%2Fcategories&post=52858"},{"taxonomy":"post_tag","embeddable":true,"href":"https:\/\/elenalasagna.it\/index.php?rest_route=%2Fwp%2Fv2%2Ftags&post=52858"}],"curies":[{"name":"wp","href":"https:\/\/api.w.org\/{rel}","templated":true}]}}