{"id":52297,"date":"2016-04-01T10:55:28","date_gmt":"2016-04-01T09:55:28","guid":{"rendered":"http:\/\/www.elenalasagna.it\/?p=26045"},"modified":"2024-05-02T10:53:37","modified_gmt":"2024-05-02T10:53:37","slug":"tu-e-il-2016-17-cosa-vuoi-sapere-7-2","status":"publish","type":"post","link":"https:\/\/elenalasagna.it\/?p=52297","title":{"rendered":"TU  E  IL  2016-17  COSA VUOI SAPERE?"},"content":{"rendered":"<h4 style=\"text-align: right;\">01\/04\/2016<\/h4>\n<h2 style=\"text-align: center;\">IL \u00a0TUO 2016-17 FATTO CON IL CUORE<\/h2>\n<p style=\"text-align: center;\"><img loading=\"lazy\" decoding=\"async\" class=\"alignnone wp-image-26048 size-medium\" src=\"https:\/\/elenalasagna.it\/wp-content\/uploads\/2016\/04\/PER-TE-VANESSA-300x224.jpg\" alt=\"\" width=\"300\" height=\"224\" srcset=\"https:\/\/elenalasagna.it\/wp-content\/uploads\/2016\/04\/PER-TE-VANESSA-300x224.jpg 300w, https:\/\/elenalasagna.it\/wp-content\/uploads\/2016\/04\/PER-TE-VANESSA-1024x764.jpg 1024w, https:\/\/elenalasagna.it\/wp-content\/uploads\/2016\/04\/PER-TE-VANESSA-768x573.jpg 768w, https:\/\/elenalasagna.it\/wp-content\/uploads\/2016\/04\/PER-TE-VANESSA-1536x1146.jpg 1536w, https:\/\/elenalasagna.it\/wp-content\/uploads\/2016\/04\/PER-TE-VANESSA.jpg 1631w\" sizes=\"auto, (max-width: 300px) 100vw, 300px\" \/>u<\/p>\n<h4 style=\"text-align: left;\">Da grande vorrei diventare la titolare di un centro benessere, \u00a0quali studi devo fare? \u00a0Solo l&#8217;estetista o servono altri studi o qualifiche? Vanessa \u00a0Grazie!<\/h4>\n<h4>Questo lo dovrai decidere tu, \u00a0se ti accontenti di diventare solo un&#8217;estetista o se vuoi approfondire per dedicarti ai tuoi pazienti-clienti con tutta te stessa e magari farti aiutare da un&#8217;estetista e da un massoterapista. Oppure una titolare di un centro benessere che vuole curare i suoi pazient- clienti con successo, \u00a0 non basta avere un diploma di estetista con i requisiti professionali di cui una persona \u00e8 abilitata a svolgere l&#8217;attivit\u00e0 di estetica come definita dalla legge, ivi compresa la realizzazione di tutti i trattamenti e le prestazioni \u00a0dell&#8217;estetica del viso e corpo. Limitandosi allo svolgimento del corso regionale di qualificazione, \u00a0con corsi di specializzazione ed eventuale inserimento in un&#8217;azienda \u00a0presso un&#8217;impresa estetica o lo svolgimento di un periodo di attivit\u00e0 lavorativa a tempo pieno in qualit\u00e0 di dipendente. \u00a0Ma prima farei le scuole superiori, \u00a0poi, mi iscriverei alla facolt\u00e0 di medicina, \u00a0dermatologia, e psicologia; \u00a0ora capirai \u00a0il perch\u00e9. \u00a0Se vorrai avere successo nel tuo centro benessere dovrai sentirti sicura \u00a0di lavorare con profondit\u00e0 e sapienza perch\u00e9 si tratta del corpo delle persone. Per curare gli inestetismi che comprendono tutte le malattie della pelle bisogna conoscere alla perfezione il \u00a0corpo umano in tutto! Il perch\u00e9 di psicologia e dermatologia? \u00a0Perch\u00e9 ci sono alcuni aspetti che sono fondamentali in una professione come questa, \u00a0che \u00e8 proprio curare il paziente-cliente in tutto e per tutto; l&#8217;ortodermista svolge in qualit\u00e0 di operatore sociale servendosi della collaborazione dello specialista e tu sarai lo specialista dermatologo e lo specialista psicologo e saprai trarre le tue diagnosi con sicurezza e tranquillit\u00e0. Potrai intervenire su un corpo in cui originano e poi si concentrano le problematiche dell&#8217;individuo. \u00a0Vediamo infatti come l&#8217; IO in definitiva \u00e8 derivato da sensazioni corporee, soprattutto da sensazioni provenienti dalla superficie del nostro corpo ( come tutto ci\u00f2 che abbiamo nel nostro profondo si riversa poi in superficie). \u00a0Esso pu\u00f2 essere considerato, secondo Freud, \u00a0come una proiezione psichica della superficie del corpo ed inoltre il rappresentante degli elementi superficiali dell&#8217;apparato psichico. \u00a0Le manifestazioni della cute possono spesso essere causate da impulsi emotivi che si scaricano nel sistema endocrino-vegetativo. \u00a0Risulta chiaro quindi che quando ci si trova davanti a un paziente con disturbi psicosomatici, \u00a0dove l&#8217;energia che sottende i moti affettivi, \u00a0viene deviata sul soma, ecco a cosa serve avere anche una qualifica di psicologa. Ad Esempio: \u00a0ti potrebbe capitare un giovane affetto da acne, e che tutto questo possa essere per lui come una maschera dietro la quale si nascondono i suoi conflitti; l&#8217;estetista non potrebbe mai risolvere il problema solo con i trattamenti estetici anche perch\u00e9 questo una volta che vedr\u00e0 il miglioramento \u00a0avr\u00e0 la ricaduta e il trattamento estetico non potr\u00e0 che peggiorare la situazione. \u00a0Prima bisogner\u00e0 \u00a0che lo psicologo curi il profondo, dovr\u00e0 stanare i suoi conflitti con chicchessia; \u00a0ecco come la tensione emotiva pu\u00f2 venire canalizzata cos\u00ec sulla cute. \u00a0\u00c8 molto importante entrare quindi in relazione col paziente-cliente, \u00a0stabilire un feeling positivo, o mostrare che si sa ascoltare e comprendere le esperienze altrui per svolgere con grande professionalit\u00e0 il proprio lavoro. Io credo che un giorno tu sarai una professionista vera! Anche perch\u00e9 grandi si nasce e a te piace studiare molto; e chi studia impara! Ciao!<\/h4>\n<h4>Post \u00a0S.<\/h4>\n<h4>Un trattamento dove viene preso \u00a0in considerazione solamente l&#8217;elemento \u00a0estetico e non la persona in toto, \u00a0questo sar\u00e0 un insuccesso assicurato.<\/h4>\n<h4 style=\"text-align: center;\">Elena \u00a0Lasagna<\/h4>\n<h4 style=\"text-align: right;\">14\/04\/2016<\/h4>\n<h4>Sono Monica nata ventisette anni fa sotto il segno dell&#8217;Acquario con ascendente Ariete. Sono un&#8217;estetista diplomata, \u00a0ho fatto le scuole regionali e molti corsi di aggiornamento, \u00a0per\u00f2 anche questo \u00e8 un settore in crisi. \u00a0Mia suocera vorrebbe che smettessi perch\u00e9 dice che questa professione \u00e8 una professione equivoca, \u00a0e che una come me dovrebbe riprendere a studiare per laurearmi. Sinceramente questo lavoro a me piace moltissimo \u00a0e non ho intenzione di mollare tutto proprio adesso. \u00a0Dici che ce la far\u00f2 a mandare avanti il mio istituto? \u00a0Se \u00e8 no cosa dovrei fare per cambiare? \u00a0Grazie!<\/h4>\n<h4>Dovresti cambiare suocera! \u00a0Quando sento queste cose mi piace scherzarci sopra, \u00a0ma non ti voglio demoralizzare ulteriormente. Chi fa il lavoro \u00e8 la persona e tu sei una persona onesta e di grande rispetto e poi sai gestire tutto in modo perfetto; \u00a0la crisi c&#8217;\u00e8 ed \u00e8 un po&#8217; ovunque. \u00a0Forse dovresti ampliare un po&#8217; \u00a0il tuo istituto, \u00a0inserendo anche la fisioterapia, cos\u00ec le persone che entreranno per curarsi i dolori usciranno perfette si sottoporranno alla cura del viso e del corpo. In quanto a tua suocera \u00e8 incredibile come in questa epoca ci siano ancora persone cos\u00ec ottuse: da confonderere il giorno con la notte! \u00a0A volte ci si pu\u00f2 arrendere liberando sogni e ideali imprigionati nelle costrizioni della discordia, \u00a0tu non sei una persona arrendevole, \u00a0la cautela non ti appartiene, vedrai, \u00a0passato questo momento di sconforto riprenderai il controllo perfetto della situazione e quando avrai allargato il tuo istituto sarai cos\u00ec impegnata che non penserai pi\u00f9 a ci\u00f2 che \u00e8 bene o ci\u00f2 che \u00e8 male per lei ma lo farai per te stessa. \u00a0Io credo che un giorno non troppo lontano riuscirai a coinvolgere anche lei, \u00a0si esalter\u00e0 per come andranno le cose, \u00a0sono certa che ci riuscirai; \u00a0nel tuo lavoro ci sar\u00e0 una radicale trasformazione. \u00a0La tua forza di carattere far\u00e0 cambiare idea anche alle persone pi\u00f9 ottuse: \u00a0sciogliendole e governandole con la forza del cuore. \u00a0Ti mando gli auguri pi\u00f9 veri!<\/h4>\n<h4 style=\"text-align: center;\">Elena \u00a0Lasagna<\/h4>\n<h4 style=\"text-align: right;\">21\/04\/2016<\/h4>\n<h4>Sono Clara, \u00a0nata cinquantasei anni fa sotto il segno del Cancro con ascendente Gemelli, \u00a0sposata con un Ariete. Da tre mesi circa ho perso il lavoro, \u00a0nonostante tutto la voglia di ricominciare non mi manca. \u00a0Vorrei gestire un bar, ho molte idee di innovazione, ho molta volont\u00e0 ma mio marito non vuol sentire ragioni, addirittura dice che non mi dar\u00e0 la mia parte per aprire questa attivit\u00e0; \u00a0hai capito bene, lui mi sta impedendo di vivere la mia vita. \u00a0Per me \u00e8 diventato una ragione di vita, \u00a0lui si giustifica dicendomi che questi non sono i tempi per aprire un&#8217;attivit\u00e0 in proprio, ma secondo me non sta dicendo la verit\u00e0, \u00a0ha paura che il suo tenore di vita possa cambiare e che dovr\u00e0 mettersi a fare il casalingo. \u00a0Dici che sbaglio? Sar\u00e0 vero che questo non \u00e8 il momento opportuno per avviare un&#8217;attivit\u00e0? Dici che andr\u00e0 male? Grazie!<\/h4>\n<h4>Clara, \u00a0io posso limitarmi a dirti che sei una persona speciale, \u00a0molto coraggiosa e determinata e come si suol dire la fortuna aiuta gli audaci, \u00a0io \u00a0aggiungo che aiuta chi privilegia la risposta chiara, la determinazione; \u00a0chi si inventa una strada nuova, \u00a0con una sterzata che non dovrebbe lasciare spazio a dubbi e malintesi. \u00a0Io vedo in te una grande determinazione, \u00a0hai fantasia nonostante abbia i piedi ben piantati a terra, \u00a0sono certa che tu e il tuo adorato bar sarete un tutt&#8217;uno. \u00a0Sai? \u00a0La gente viene attirata dal meglio, \u00a0proprio dall&#8217;innovazione, Quindi rimboccati le maniche; \u00a0in quanto al denaro, \u00a0tuo marito non pu\u00f2 negarti ci\u00f2 che ti spetta di diritto. \u00a0Cerca di allontanare il tetro dall&#8217;anima di tuo marito e chiss\u00e0, \u00a0anche se ora \u00e8 controcorrente, poi potrebbe avviarsi all&#8217;apertura verso il mondo. Io credo che lui capir\u00e0, \u00a0ma se non dovessi riuscirci, \u00a0lascia perdere e non chiedergli nulla, \u00a0prenditi ci\u00f2 che \u00e8 tuo e vattene. \u00a0Un po&#8217; d&#8217;impertinenza non pu\u00f2 che giovare, \u00e8 lecito vivere come piace a te, \u00a0lasciati il passato alle spalle senza troppa sofferenza; \u00a0tutti dovremmo concederci un&#8217;altra chance. \u00a0Ricominciare a volte \u00e8 come un elisir di lunga vita, \u00a0per la mente stanca si ricarica il corpo, la mente e l&#8217;anima. \u00a0Hai tracciato da tempo la tua mappa, \u00a0\u00e8 un nuovo modo vincente per superare la vita lamentosa che ti d\u00e0 tuo marito e per dare inizio a quella a cui aspiravi da tempo. \u00a0Sai? \u00a0Concedimi questa mia convinzione: \u00a0forse la tua grande carica non viene solo dalla smania di aprire un bar, \u00a0ma dalla possibilit\u00e0 di mettere le ali da una meta che non \u00e8 quella che ti sei scelta. Auguri di cuore! \u00a0 Fammi sapere!<\/h4>\n<h4 style=\"text-align: center;\">Elena \u00a0Lasagna<\/h4>\n","protected":false},"excerpt":{"rendered":"<p>01\/04\/2016 IL \u00a0TUO 2016-17 FATTO CON IL CUORE u Da grande vorrei diventare la titolare di un centro benessere, \u00a0quali studi devo fare? \u00a0Solo l&#8217;estetista o servono altri studi o qualifiche? Vanessa \u00a0Grazie! Questo lo dovrai decidere tu, \u00a0se ti accontenti di diventare solo un&#8217;estetista o se vuoi approfondire per dedicarti ai tuoi pazienti-clienti con [&hellip;]<\/p>\n","protected":false},"author":1,"featured_media":0,"comment_status":"closed","ping_status":"open","sticky":false,"template":"","format":"standard","meta":{"footnotes":""},"categories":[21],"tags":[],"class_list":["post-52297","post","type-post","status-publish","format-standard","hentry","category-le-mie-previsioni"],"_links":{"self":[{"href":"https:\/\/elenalasagna.it\/index.php?rest_route=\/wp\/v2\/posts\/52297","targetHints":{"allow":["GET"]}}],"collection":[{"href":"https:\/\/elenalasagna.it\/index.php?rest_route=\/wp\/v2\/posts"}],"about":[{"href":"https:\/\/elenalasagna.it\/index.php?rest_route=\/wp\/v2\/types\/post"}],"author":[{"embeddable":true,"href":"https:\/\/elenalasagna.it\/index.php?rest_route=\/wp\/v2\/users\/1"}],"replies":[{"embeddable":true,"href":"https:\/\/elenalasagna.it\/index.php?rest_route=%2Fwp%2Fv2%2Fcomments&post=52297"}],"version-history":[{"count":1,"href":"https:\/\/elenalasagna.it\/index.php?rest_route=\/wp\/v2\/posts\/52297\/revisions"}],"predecessor-version":[{"id":54954,"href":"https:\/\/elenalasagna.it\/index.php?rest_route=\/wp\/v2\/posts\/52297\/revisions\/54954"}],"wp:attachment":[{"href":"https:\/\/elenalasagna.it\/index.php?rest_route=%2Fwp%2Fv2%2Fmedia&parent=52297"}],"wp:term":[{"taxonomy":"category","embeddable":true,"href":"https:\/\/elenalasagna.it\/index.php?rest_route=%2Fwp%2Fv2%2Fcategories&post=52297"},{"taxonomy":"post_tag","embeddable":true,"href":"https:\/\/elenalasagna.it\/index.php?rest_route=%2Fwp%2Fv2%2Ftags&post=52297"}],"curies":[{"name":"wp","href":"https:\/\/api.w.org\/{rel}","templated":true}]}}