{"id":52295,"date":"2016-04-01T10:34:00","date_gmt":"2016-04-01T09:34:00","guid":{"rendered":"http:\/\/www.elenalasagna.it\/?p=26040"},"modified":"2016-04-01T10:34:00","modified_gmt":"2016-04-01T09:34:00","slug":"risposte-ai-lettori-centoventuno-2","status":"publish","type":"post","link":"https:\/\/elenalasagna.it\/?p=52295","title":{"rendered":"RISPOSTE  AI  LETTORI  CENTOVENTUNO"},"content":{"rendered":"<h4 style=\"text-align: right;\">01\/04\/2016<\/h4>\n<h4 style=\"text-align: center;\">DIMMI \u00a0QUALE \u00a0LESSICO USI \u00a0E \u00a0TI \u00a0DIR\u00d3 \u00a0CHI SEI<\/h4>\n<p>&nbsp;<\/p>\n<h4>Continua dall&#8217;articolo risposte ai lettori centoventi.<\/h4>\n<p>&nbsp;<\/p>\n<h4 style=\"text-align: left;\">Terza merce= \u00a0l&#8217;uso frequente di questi termini esprime la tendenza ad una visione moderna, \u00a0dinamica della realt\u00e0.<\/h4>\n<p>&nbsp;<\/p>\n<h4>Terza merce: viene cos\u00ec chiamata la moneta (in metallo pi\u00f9 o meno prezioso e in carta). Essa comparve nella terza fase della storia degli scambi (da cui il nome). \u00a0La l.a e la 2.a fase furono rappresentate dal baratto di merci alimentari (bestiame, \u00a0frutta, \u00a0cereali), di capi di vestiari (pelli o pellicce) e di articoli di adornamento (conchiglie, oro, metalli lavorati ecc.). \u00a0In un periodo successivo vennero scambiati con merci varie; \u00a0pi\u00f9 tardi fu coniata la moneta metallica e infine comparve anche quella cartacea. \u00a0Probabilmente la prima moneta in metallo prezioso circol\u00f2 in Grecia nel VII avanti Cristo. Quella in carta risalirebbe al 2\u00b0 secolo a. C.<\/h4>\n<p>&nbsp;<\/p>\n<h4>Colletti verdi= termine usato spesso da coloro che guardano con una certa preoccupazione all&#8217;avanzata dei personaggi che, \u00a0cresciuti ed educati in campagna, \u00a0e quindi a contatto con la natura, sono considerati da essi come potenziali nemici di una visione moderna della societ\u00e0, avente il suo fulcro nella meccanizzazione, \u00a0industrializzazione, \u00a0tecnologia.<\/h4>\n<p>&nbsp;<\/p>\n<h4>Colletti verdi: sono cos\u00ec chiamati gli appartenenti ai ceti emergenti di qualunque settore, \u00a0ma particolarmente di quello politico, \u00a0che provengono dall&#8217;agricoltura. L&#8217;aggettivo qualificativo della locuzione trae il suo significato dal colore dei prati e delle foglie.<\/h4>\n<p>&nbsp;<\/p>\n<h4>Parruccone o codino= l&#8217;abuso di questi termini denota critica aggrassiva verso coloro che coltivano i valori della tradizione e hanno una &#8220;forma mentis&#8221; contraria, \u00a0in lingua generale, \u00a0alle innovazioni e, \u00a0particolarmente, \u00a0ai rivolgimenti improvvisi e radicali.<\/h4>\n<p>&nbsp;<\/p>\n<h4>Parruccone o codino: si dice di reazionario, conservatore, retrogrado. \u00a0Il lemma trae il suo significato dalla storia. \u00a0Fino allo scopio della Rivoluzione i nobili francesi, \u00a0considerati &#8220;reazionari&#8221; per autonomasia, \u00a0portavano la parrucca (da cui il nome in oggetto). \u00a0Nella parte posteriore del capo, \u00a0capelli in parte posticci e in parte naturali formavano una piccola coda \u00a0(da cui il nome di &#8220;codini&#8221;), \u00a0che veniva fermata da un nastro. \u00a0Durante la resurrezione gli aristocratici che erano sopravvissuti al terribile bagno di sangue, \u00a0riadottarono la parrucca e furono imitati da altri cittadini \u00a0antirivoluzionari. \u00a0Quando mi ricorder\u00f2 di altri allora li scriver\u00f2 in un altro articolo.<\/h4>\n<p>&nbsp;<\/p>\n<h4 style=\"text-align: right;\">04\/04\/2016<\/h4>\n<h4>Vorrei chiederti una cosa: \u00a0Ma tu credi che la sua ex di un tempo sapesse?<\/h4>\n<h4 style=\"text-align: center;\">Dott. \u00a0Robert<\/h4>\n<p>&nbsp;<\/p>\n<h4>Io credo proprio di s\u00ec, \u00a0perch\u00e9 quando le espressi i miei complimenti sinceri per una cosa di cui ne andava fiera, \u00a0lei prefer\u00ec fingere di essere un po&#8217; rincoglionita, \u00a0come se volesse farmi capire che mi stavo sbagliando, \u00a0cos\u00ec una volta uscita la magagna non avrei dubitato di lei. \u00a0Che cos&#8217;\u00e8 secondo te genialit\u00e0?<\/h4>\n<h4 style=\"text-align: center;\">Elena \u00a0Lasagna<\/h4>\n<p>&nbsp;<\/p>\n<h4>No, \u00a0diciamo pure che \u00e8 stata solo una messa in scena venuta male! Scommetto che avevi intuito qualcosa gi\u00e0 dall&#8217;inverno scorso!<\/h4>\n<h4 style=\"text-align: center;\">Dott. \u00a0Robert<\/h4>\n<p>&nbsp;<\/p>\n<h4>Mi sembrava molto strano il suo comportamento, \u00a0ma non sapevo cosa in realt\u00e0 nascondesse; \u00a0sentivo solo aria di menzogna.<\/h4>\n<h4 style=\"text-align: center;\">Elena \u00a0Lasagna<\/h4>\n<p>&nbsp;<\/p>\n<h4 style=\"text-align: right;\">07\/04\/2016<\/h4>\n<p>&nbsp;<\/p>\n<h4>Se sapessi che non verrai mai scoperta ti piacerebbe rubare al prossimo?<\/h4>\n<h4 style=\"text-align: center;\">Dott.Robert<\/h4>\n<p>&nbsp;<\/p>\n<h4>Assolutamente no, \u00a0prima perch\u00e8 la parola ladro mi d\u00e0 allergia, \u00a0 quella parola non fa parte del mio DNA, \u00a0non mi sentirei &#8220;IO&#8221;.<\/h4>\n<h4 style=\"text-align: center;\">Elena \u00a0Lasagna<\/h4>\n<p>&nbsp;<\/p>\n<h4 style=\"text-align: right;\">08\/04\/2006<\/h4>\n<p>&nbsp;<\/p>\n<h4>Se ogni giorno penso che i ladri mi fanno schifo un motivo c&#8217;\u00e8! \u00a0Molti invece di inventarsi nuove professioni inventano come si pu\u00f2 rubare meglio al prossimo e sempre di pi\u00f9 a chi non ha nemmeno uno stipendio o ha una pensione da fame. Vergognatevi! \u00a0Teste di azoto&#8230;<\/h4>\n<h4 style=\"text-align: center;\">Elena \u00a0Lasagna<\/h4>\n<p>&nbsp;<\/p>\n<h4 style=\"text-align: right;\">08\/04\/2016<\/h4>\n<p>&nbsp;<\/p>\n<h4>Non pensare che io creda che tu non abbia mai infranto una regola perch\u00e9 non ci crediamo.<\/h4>\n<h4 style=\"text-align: center;\">Marina e Alberto<\/h4>\n<p>&nbsp;<\/p>\n<h4>E fate bene a non crederci, \u00a0per\u00f2 \u00a0infrangere una regola per dispetto \u00e8 una cosa che la dice lunga, e questo non \u00e8 il mio caso; \u00a0ma infrangere per distrazione come succede a me \u00a0o ad altri \u00e8 un altro modo di concepire la vita. Comunque sia in un modo o nell&#8217;altro se ci sono regole da rispettare sarebbe bene darsi una mossa! Questo vale anche per me!<\/h4>\n<h4 style=\"text-align: center;\">Elena \u00a0Lasagna<\/h4>\n<p>&nbsp;<\/p>\n<h4 style=\"text-align: right;\">14\/04\/2016<\/h4>\n<p>&nbsp;<\/p>\n<h4 style=\"text-align: left;\">Ho sentito dire da persone esperte che per non ingrassare sarebbe bene mangiare vegano e assumere integratori e vitamine. \u00a0Tu cosa ne pensi?<\/h4>\n<h4 style=\"text-align: left;\"><\/h4>\n<h4 style=\"text-align: center;\">Lorena<\/h4>\n<p>&nbsp;<\/p>\n<h4>Io penso che ogni individuo deve sentirsi libero di seguire la propria dieta, tuttavia io sono del parere che sarebbe meglio nutrirsi con sostanze naturali, \u00a0 a base di latte intero, lievito, \u00a0miele, formaggi, uova, pochi zuccheri ma anche loro hanno la propria importanza, frutta, verdure fresche, \u00a0cereali, \u00a0 legumi, carni, pesce e carboidrati: poco di tutto e di tutto un p0&#8242; . \u00a0Tutte queste sostanze presentano il vantaggio di contenere ingredienti che provengono direttamente dalla natura nella loro totale integrit\u00e0; \u00a0non si limitano quindi a contenere un semplice estratto di una vitamina o l&#8217;altra, \u00a0ma costituiscono invece la combinazione di molti componenti naturali allo stato ambiente originario. Ogni vitamina raggiunge l&#8217;apice della sua attivit\u00e0 in presenza di biocatalizzatori, \u00a0cio\u00e8 determinate sostanze che attivano ed accelerano il processo di reazione biochimica della vitamina stessa. E sempre usando le risorse naturali nella loro integrit\u00e0 \u00e8 possibile raggiungere un effetto perfettamente equilibrato. \u00a0La vitamina viene \u00a0totalmente attivata ed i suoi effetti sono enormemente superiori a quelli che si possono ottenere dall&#8217;addizione nel prodotto di una vitamina che agisce isolatamente. \u00a0Comunque le vitamine non sono l&#8217;unico componente dei prodotti a base di sostanze naturali. Il lievito, \u00a0ad esempio, \u00a0contiene degli agenti che stimolano la respirazione delle cellule; \u00a0varie albumine e gli acidi nucleici (come il DNA) influenzano positivamente la riproduzione delle cellule epiteliali. Il miele e il latte contengono estrogeni, che accelerano l&#8217;afflusso del sangue alla pelle, \u00a0provvedendo alla sua nutrizione ed aumentano la funzionalit\u00e0 riproduttiva delle cellule stesse. \u00a0Tali proteine vengono in parte sfruttate per alimentare ed irrobustire le cellule epiteliali con il risultato che lo strato epidermico appare teso, \u00a0sano, \u00a0compatto e colorito.<\/h4>\n<h4 style=\"text-align: center;\">Elena \u00a0Lasagna<\/h4>\n<p>&nbsp;<\/p>\n<h4 style=\"text-align: right;\">15\/04\/2016<\/h4>\n<p>&nbsp;<\/p>\n<h4>Pensi che ci siano ancora morti sospette in altri ospedali? Quale pena daresti a queste assassine e assassini?<\/h4>\n<h4 style=\"text-align: center;\">Dott. \u00a0Robert<\/h4>\n<p>&nbsp;<\/p>\n<h4>S\u00ec, \u00a0purtroppo \u00a0verranno \u00a0alla luce casi di molto tempo fa specialmente in ospedali geriatrici. \u00a0In quanto alla pena di chi commette questi atroci reati speriamo che alcuni si tolgano la vita \u00a0da soli altrimenti anche se sono colpevoli certi, con gli avvocati la faranno franca; questa \u00a0cosa\u00a0 fa davvero schifo!<\/h4>\n<h4 style=\"text-align: center;\">Elena \u00a0Lasagna<\/h4>\n<p>&nbsp;<\/p>\n<h4 style=\"text-align: right;\">15\/04\/2016<\/h4>\n<p>&nbsp;<\/p>\n<h4>Come possiamo difenderci dai conservanti dei prodotti alimentari, sono dannosi? \u00a0\u00c8 vero che in certi alimenti usano gli antibiotici?<\/h4>\n<h4 style=\"text-align: center;\">Alda e Franco<\/h4>\n<h4>I conservanti sono prodotti chimici, che tendono a mantenere bassi i livelli di popolazione microbica impedendo la riproduzione dei germi e distruggendo quelli che contaminano il prodotto durante la sua utilizzazione. \u00a0Vi sono molti tipi di conservanti che vengono impegnati con successo dalle industrie alimentari senza rappresentare alcun pericolo. \u00a0Inoltre vi sono certe maniere di conservazione che addirittura sono innocue: \u00a0come la serilizzazione. Gli antibiotici sono tuttavia da escludere per questo scopo, sono stati aboliti anche in certi tipi di formaggio, proprio per non sensibilizzare il consumatore e privarlo di \u00a0una valida arma per combattere un eventuale problema infettivo. \u00a0Importantissimo ricordare che un grande uso di antibiotici come conservanti potrebbe aumentare la resistenza dei microbi nei loro confronti, \u00a0resistenza che si trasmette per via ereditaria alle successive generazioni. \u00a0Il controllo che le industrie alimentari attirano sui loro prodotti non \u00e8 limitato alla conoscenza del numero dei batteri che li contaminano.<\/h4>\n<h4 style=\"text-align: center;\">Elena \u00a0Lasagna<\/h4>\n<p>&nbsp;<\/p>\n<h4 style=\"text-align: right;\">17\/04\/2016<\/h4>\n<p>&nbsp;<\/p>\n<h4>Caro dottor Robert lascia che ti faccia una domanda: \u00a0pensi che esistano medici che non sanno fare il proprio lavoro?<\/h4>\n<h4 style=\"text-align: center;\">Elena \u00a0Lasagna<\/h4>\n<p>&nbsp;<\/p>\n<h4>Purtroppo s\u00ec, \u00a0mi \u00e8 capitato di lavorare con un collega, aveva due lauree pi\u00f9 di me e di altri miei colleghi \u00a0e compagni di universit\u00e0, ebbene, \u00a0siamo rimasti esterrefatti per la sua incompetenza e il suo cinismo, nonostante tutto \u00a0esercita ancora la professione.<\/h4>\n<h4 style=\"text-align: center;\">Dott. \u00a0Robert<\/h4>\n<p>&nbsp;<\/p>\n<h4>Pensi anche tu che dovremmo abolire le minigonne per rispettare le altre culture?<\/h4>\n<h4 style=\"text-align: center;\">Annamaria<\/h4>\n<p>&nbsp;<\/p>\n<h4>Assolutamente no! \u00a0Significherebbe abolire una cultura che segna un&#8217;epoca della nostra esistenza. Noi abbiamo i nostri principi che vanno al di l\u00e0 di un capo di abbigliamento. \u00a0Sono gli altri che devono adattarsi alla nostra cultura! Certa \u00a0gente pretende troppo; diventa come la storia del crocifisso nelle scuole. \u00a0Per me l&#8217;argomento si chiude qui.<\/h4>\n<h4 style=\"text-align: center;\">Elena \u00a0Lasagna<\/h4>\n<h4><\/h4>\n<p>&nbsp;<\/p>\n","protected":false},"excerpt":{"rendered":"<p>01\/04\/2016 DIMMI \u00a0QUALE \u00a0LESSICO USI \u00a0E \u00a0TI \u00a0DIR\u00d3 \u00a0CHI SEI &nbsp; Continua dall&#8217;articolo risposte ai lettori centoventi. &nbsp; Terza merce= \u00a0l&#8217;uso frequente di questi termini esprime la tendenza ad una visione moderna, \u00a0dinamica della realt\u00e0. &nbsp; Terza merce: viene cos\u00ec chiamata la moneta (in metallo pi\u00f9 o meno prezioso e in carta). Essa comparve nella [&hellip;]<\/p>\n","protected":false},"author":1,"featured_media":0,"comment_status":"closed","ping_status":"open","sticky":false,"template":"","format":"standard","meta":{"footnotes":""},"categories":[31],"tags":[],"class_list":["post-52295","post","type-post","status-publish","format-standard","hentry","category-varie"],"_links":{"self":[{"href":"https:\/\/elenalasagna.it\/index.php?rest_route=\/wp\/v2\/posts\/52295","targetHints":{"allow":["GET"]}}],"collection":[{"href":"https:\/\/elenalasagna.it\/index.php?rest_route=\/wp\/v2\/posts"}],"about":[{"href":"https:\/\/elenalasagna.it\/index.php?rest_route=\/wp\/v2\/types\/post"}],"author":[{"embeddable":true,"href":"https:\/\/elenalasagna.it\/index.php?rest_route=\/wp\/v2\/users\/1"}],"replies":[{"embeddable":true,"href":"https:\/\/elenalasagna.it\/index.php?rest_route=%2Fwp%2Fv2%2Fcomments&post=52295"}],"version-history":[{"count":0,"href":"https:\/\/elenalasagna.it\/index.php?rest_route=\/wp\/v2\/posts\/52295\/revisions"}],"wp:attachment":[{"href":"https:\/\/elenalasagna.it\/index.php?rest_route=%2Fwp%2Fv2%2Fmedia&parent=52295"}],"wp:term":[{"taxonomy":"category","embeddable":true,"href":"https:\/\/elenalasagna.it\/index.php?rest_route=%2Fwp%2Fv2%2Fcategories&post=52295"},{"taxonomy":"post_tag","embeddable":true,"href":"https:\/\/elenalasagna.it\/index.php?rest_route=%2Fwp%2Fv2%2Ftags&post=52295"}],"curies":[{"name":"wp","href":"https:\/\/api.w.org\/{rel}","templated":true}]}}