{"id":52293,"date":"2016-03-25T14:54:05","date_gmt":"2016-03-25T13:54:05","guid":{"rendered":"http:\/\/www.elenalasagna.it\/?p=25970"},"modified":"2016-03-25T14:54:05","modified_gmt":"2016-03-25T13:54:05","slug":"risposte-ai-lettori-novantadue-ventitreesima-parte-3","status":"publish","type":"post","link":"https:\/\/elenalasagna.it\/?p=52293","title":{"rendered":"RISPOSTE  AI  LETTORI  NOVANTADUE  VENTITREESIMA  PARTE"},"content":{"rendered":"<h4 style=\"text-align: right;\">25\/03\/2016<\/h4>\n<h2 style=\"text-align: center;\">ALLERGIE<\/h2>\n<p>&nbsp;<\/p>\n<h2 style=\"text-align: left;\"><\/h2>\n<h4 style=\"text-align: left;\">Ho fatto degli esami per curare l&#8217;allergia, perch\u00e9 ci si ammala di allergie? \u00a0Si guarisce per sempre?<\/h4>\n<h4 style=\"text-align: center;\">Gabriella<\/h4>\n<p>&nbsp;<\/p>\n<h4>In passato ho gi\u00e0 risposto in altri articoli sulle allergie, \u00a0cercali \u00a0nelle pagine e nelle risposte ai lettori. Comunque approfondir\u00f2 ancora di pi\u00f9 questo argomento.<\/h4>\n<p>&nbsp;<\/p>\n<h4>Se devo rispondere che cos&#8217;\u00e8 l&#8217;allergia io ti dico che \u00e8 la capacit\u00e0 di un organismo di reagire in maniera anomala verso gli allergeni che sono le sostanze con cui era stato precedentemente sensibilizzato. \u00a0L&#8217;origine della malattia e delle sue manifestazioni sono: \u00a0la produzione di istamina e di sostanze istaminosimili in seguito alla relazione anticorpo-allergene; \u00a0l&#8217;alterazione del metabolismo istaminico con conseguenti disergie dei tessuti, \u00a0la predisposizione organica.<\/h4>\n<h4>Si ritiene che \u00a0la costituzione allergica di una persona sia in relazione alla presenza di una coppia di geni allelomorfi Hh ( H, gene naturale; h, \u00a0gene allergico) per cui negli eterozigoti recessivi hh si avrebbe l&#8217;insorgenza di una allergia grave gi\u00e0 nella prima infanzia, \u00a0negli eterozigoti di tipo Hh invece un allergia di tipo lieve comparirebbe soltanto dopo la pubert\u00e0, \u00a0mentre i soggetti HH sarebbero individui sani.<\/h4>\n<h4>L&#8217;intensa produzione di istamina e sostanze ist-simili sono i responsabili del quadro istologico tipico dell&#8217;allergia, \u00a0che \u00e8 caratterizzata da vasodilatazione molto intensa, \u00a0aumentata permeabilit\u00e0 capillare con essudazione dei tessuti compatti; \u00a0c&#8217;\u00e8 una dissociazione degli elementi cellulari con la modificazione degli organi. \u00a0In risposta all&#8217;introduzione dell&#8217;allergene, \u00a0le reazioni allergiche si distinguono in immediate e in ritardate. \u00a0Nella prima reazione i tessuti reagiscono molto rapidamente alla reazione dell&#8217;allergene, \u00a0mentre nella reazione allergica ritardata c&#8217;\u00e8 un contatto abbastanza prolungato con l&#8217;allergene, \u00a0un tempo di incubazione definito, \u00a0la presenza di un processo infettivo, \u00a0di sostanze coadiuvanti e modalit\u00e0 peculiari di introduzione.<\/h4>\n<h4>\u00a0 Le manifestazioni tipiche di allergia, \u00a0in questo caso insorgono molte ore dopo (8-48) \u00a0il contagio con l&#8217;allergene e la reazione si protrae per molti giorni. \u00a0Sono caratteristiche per questo gruppo le allergie batteriche, \u00a0virali, \u00a0parassitarie, \u00a0le dermatiti da contatto e molte altre.<\/h4>\n<h4>\u00a0Il riconoscimento di stati allergici e dei fattori allergizzanti \u00e8 possibile con l&#8217;esecuzione di reazioni specifiche, \u00a0che si basano sulle capacit\u00e0 \u00a0della pelle e delle mucose a reagire, \u00a0se poste a contatto con la sostanza sensibilizzante. In relazione al tipo di penetrazione dell&#8217;allergene si distinguono: \u00a0allergie da inalazione, \u00a0di cui sono soprattutto importanti le pollinosi, \u00a0( corizza da fieno, \u00a0asma da fieno ) che si manifestano con starnuti, \u00a0lacrimazione intensa, \u00a0rinorrea, \u00a0fotofobia, \u00a0spasmo bronchiale, \u00a0ecc. \u00a0La terapia prevede una desensibilizzazione specifica, \u00a0dove sia possibile isolare l&#8217;allergene,, \u00a0con la somministrazione di adrenalina, ACTH, \u00a0cortisonici, \u00a0aminofillinici per eliminare le manifestazioni acute; \u00a0allergie alimentari, che si manifestano con l&#8217;orticaria, \u00a0eczemi, \u00a0edemi angioneurotici; \u00a0in questo coso si consiglia la prescrizione di diete di eliminazione con prograssiva sostituzione dei cibi che possono provocare eventuali allergie. Poi ci sono le allergie medicamentose di cui sono note soprattutto la malattia da siero e lo shock da siero; \u00a0la terapia si basa sulla desensibilizzazione e sulla somministrazione di adrenalina, \u00a0cortisonici e antistaminici. \u00a0Poi c&#8217;\u00e8 l&#8217;allergia emotiva, \u00a0l&#8217;ipersensibilit\u00e0 agli stimoli emotivi.<\/h4>\n<h4>Questa ipersensibilit\u00e0, \u00a0considerata un caso particolare di allergia detta anche &#8221; anafilassi &#8220;, sono differenziabili una fase di sensibilizzazione, \u00a0quando viene somministrato per la prima volta l&#8217;agente anafilattogeno, \u00a0un periodo di incubazione (15-20 giorni) durante il quale si formano nell&#8217;organismo gli anticorpi specifici, \u00a0e una terza fase, corrispondente all&#8217;iniezione scatenante, nella quale la successiva iniezione della sostanza anafilattogena scatena la reazione anafilattica.<\/h4>\n<h4>Sono differenziabili un&#8217;anafilassi attiva indotta immediatamente dall&#8217;azione dell&#8217;antigene, e un&#8217;anafilassi passiva, \u00a0che pu\u00f2 essere trasmessa a un altro animale inoculandogli il sangue di un animale ipersensibilizzato; queste si differenziano relativamente alla produzione di anticorpi.<\/h4>\n<h4>Le polimorfe manifestazioni anafilattiche riconoscono una comune base patogenetica nella produzione di istamina, e le sostanze istaminosimili che si formano nell&#8217;organismo, \u00a0n seguito alla reazione anticorpo-antigene, \u00a0e sono responsabili delle manifestazioni pi\u00f9 gravi a carico dell&#8217;apparato respiratorio e cardiocircolatorio.<\/h4>\n<h4>Molto importante \u00e8 anche la malattia da siero conseguente all&#8217;inoculazione terapeutica di sieri (antitetanico, antidifterico); \u00a0una malattia da siero \u00e8 differenziabile da prima iniezione, con sintomatologia \u00a0prevalentemente rappresentata da \u00a0esantema, edema locale e generalizzato, \u00a0e una malattia da siero da seconda iniezione, \u00a0con manifestazioni gravi \u00a0(shock siero anafilattico) di tipo respiratorio con semi-apnea, \u00a0apnea e cutaneo, \u00a0pallore intenso, con chiazze cianotiche, sudorazione profusa, rilassamento muscolare generale. I casi di morte sono rari, e questa sintomatologia regredisce rapidamente. \u00a0La diagnosi di eventuali stati di anafilassi \u00a0\u00e8 possibile con l&#8217;intradermoreazione.<\/h4>\n<h4>Oltre che per l&#8217;introduzione iniettiva dell&#8217;antigene, \u00a0possono verificarsi fenomeni anafilattici di minore o maggiore entit\u00e0, importanza, \u00a0per assunzione della sostanza antigenica per via orale, \u00e8 questo il caso di anafilassi alimentare che si manifesta in molte persone per l&#8217;ingestione di determinati alimenti o per inalazione della stessa. \u00a0Il quadro morboso dell&#8217;anafilassi si giova della somministrazione di adrenalina, \u00a0antistaminici e di cortisonici. Le manifestazioni anafilattiche vengono \u00a0indicate come ipersensibilit\u00e0 emotive ai traumi psichici.<\/h4>\n<p>&nbsp;<\/p>\n<h4 style=\"text-align: right;\">\u00a0 07\/04\/2016<\/h4>\n<h4>Si pu\u00f2 guarire dal cosiddetto fungo di mare? \u00a0Perch\u00e9 ci si infetta, proprio al mare? Ci sono cura efficaci?<\/h4>\n<h4 style=\"text-align: center;\">Angela<\/h4>\n<p>&nbsp;<\/p>\n<h4>Questa dermatosi \u00e8 molto diffusa che si evidenzia soprattutto nella stagione estiva, \u00a0\u00e8 sostenuta dal fungo &#8220;malassenzia furfur&#8221; che si insedia nel primo strato della pelle: lo strato corneo. Tale fungo in medicina \u00e8 conosciuto come &#8220;La pitiriasi versicolor&#8221; , \u00e8 presente come ospite abituale sulla pelle di tutte le persone, \u00a0in certe condizioni si virulenta e da ospite abituale della cute si trasforma in parassita \u00a0provocando la malattia. \u00a0Si manifesta con chiazze di color rosa o colore marrone chiaro, la sua forma varia, da rotonda ad ovalare, \u00a0isolate confluenti in ampie aree a superficie desquamante; \u00a0le squame possono essere distaccate dalle lesioni con una semplice raschiatura.<\/h4>\n<h4>Le sedi di localizzazione di tale dermatosi sono elettivamente il tronco, \u00a0gli arti superiori, \u00a0il collo, le spalle molto raramente \u00e8 interessato il viso.Dopo l&#8217;esposizione ai raggi solari le aree infette non si pigmentano, \u00a0e sono in netto contrasto con il resto della pelle sana e abbronzata. \u00a0Molto probabilmente la depigmentazione \u00e8 in relazione ad una interferenza del micete nella sintesi della melanina. non \u00e8 una malattia ereditaria, \u00a0ma c&#8217;\u00e8 una certa predisposizione, ci sono cause predisponenti che possono essere considerate \u00a0la malnutrizione, l&#8217;avitaminosi, \u00a0le infezioni croniche, \u00a0le diete, \u00a0i trattamenti corticostiroidei protratti, \u00a0la somministrazione di alcuni medicamenti, \u00a0ma diciamo che c&#8217;\u00e8 una forte \u00a0predisposizione \u00a0individuale, \u00a0per cui ci sono alcuni individui che tenderanno ad avere tale malattia e altri non ne verranno mai toccati da questa dermatosi. \u00a0Tra i fattori scatenanti il sudore \u00e8 uno dei pi\u00f9 importanti; \u00a0infatti la sudorazione porta ad un innalzamento del PH idrolipidico che normalmente ricopre la superficie cutanea. \u00a0Tale variazione fa venir meno la difesa naturale che il film idrolipidico con il suo PH acido svolge nei confronti dei microbi e dei miceti. \u00a0\u00c8 abbastanza difficile il contagio dal malato al sano proprio per la necessit\u00e0 della presenza dei fattori predisponenti o scatenanti.<\/h4>\n<h4>Per ci\u00f2 che riguarda la cura, \u00a0nonostante esistano dei trattamenti efficacissimi, \u00a0le recidive purtroppo sono sempre molto frequenti; \u00a0per cercare di prevenirle sarebbe bene usare , specialmente nelle stagioni \u00a0pi\u00f9 calde saponi a PH acido che servono a mantenere il film idrolipidico che ricopre la pelle sempre allo stesso PH acido fisiologico.<\/h4>\n<h4 style=\"text-align: center;\">Elena \u00a0Lasagna<\/h4>\n<p>&nbsp;<\/p>\n<h4 style=\"text-align: right;\">07\/04\/2016<\/h4>\n<p>&nbsp;<\/p>\n<h4>Da un po&#8217; di tempo ho difficolt\u00e0 a concentrarmi su qualcosa, \u00a0non riesco nemmeno a risolverere un piccolo problema di \u00a0mio figlio, non posso pi\u00f9 aiutarlo nei compiti della scuola, spero di non avere un inizio di alzheimer.<\/h4>\n<h4 style=\"text-align: center;\">Rosangela<\/h4>\n<p>&nbsp;<\/p>\n<h4>Dovresti recarti dal tuo medico, chi meglio di lui sa indicarti la terapia giusta. \u00a0Io non credo che tu sia affetta da alzheimer, \u00a0forse soffri di &#8220;, \u00e8 aprosessia&#8221;, \u00a0\u00e8 legata a disturbi sensoriali periferici o psichici, a meno che non sia dovuto a un difetto dell&#8217;attenzione \u00a0dovuto a indifferenza affettiva primaria; il medico ti conosce bene, quindi non trascurare il tuo disturbo. Ciao.<\/h4>\n<h4 style=\"text-align: center;\">Elena \u00a0Lasagna<\/h4>\n<p>&nbsp;<\/p>\n<h4 style=\"text-align: right;\">12\/04\/2016<\/h4>\n<p>&nbsp;<\/p>\n<h4>Ho quasi quarantacinque anni e sono gi\u00e0 affetta da anchilosi, \u00a0che cos&#8217;\u00e8 realmente, \u00e8 una malattia per vecchi?<\/h4>\n<h4 style=\"text-align: center;\">Giovanna<\/h4>\n<p>&nbsp;<\/p>\n<h4>Come sai \u00e8 una limitazione o addirittura abolizione dei movimenti di una articolazione che si pu\u00f2 verificare in caso di processi infiammatori o traumi \u00a0che riguardino l&#8217;articolazione stessa o le ossa contigue, \u00a0o in seguito a immobilizzazione di un&#8217;articolazione per un lungo periodo. \u00a0Esistono per\u00f2 diversi tipi di anchilosi: \u00a0anchilosi artificiale o \u00a0o artrodesi, \u00a0immobilizzazione di una articolazione a scopo terapeutico; \u00a0anchilosi fibrosa, \u00a0dovuta alla formazione di bande fibrose all&#8217;interno dell&#8217;articolazione; \u00a0anchilosi legamentosa, \u00a0provocata dalla rigidit\u00e0 dei legamenti; \u00a0anchilosi ossea, \u00a0fusione anomala delle ossa di un&#8217;articolazione. \u00a0Hai fatto una vita sedentaria senza fare movimento o esercizio fisico?<\/h4>\n<h4 style=\"text-align: center;\">Elena \u00a0Lasagna<\/h4>\n<h4><\/h4>\n<p>&nbsp;<\/p>\n","protected":false},"excerpt":{"rendered":"<p>25\/03\/2016 ALLERGIE &nbsp; Ho fatto degli esami per curare l&#8217;allergia, perch\u00e9 ci si ammala di allergie? \u00a0Si guarisce per sempre? Gabriella &nbsp; In passato ho gi\u00e0 risposto in altri articoli sulle allergie, \u00a0cercali \u00a0nelle pagine e nelle risposte ai lettori. Comunque approfondir\u00f2 ancora di pi\u00f9 questo argomento. &nbsp; Se devo rispondere che cos&#8217;\u00e8 l&#8217;allergia io [&hellip;]<\/p>\n","protected":false},"author":1,"featured_media":0,"comment_status":"closed","ping_status":"open","sticky":false,"template":"","format":"standard","meta":{"footnotes":""},"categories":[19],"tags":[],"class_list":["post-52293","post","type-post","status-publish","format-standard","hentry","category-la-nostra-salute"],"_links":{"self":[{"href":"https:\/\/elenalasagna.it\/index.php?rest_route=\/wp\/v2\/posts\/52293","targetHints":{"allow":["GET"]}}],"collection":[{"href":"https:\/\/elenalasagna.it\/index.php?rest_route=\/wp\/v2\/posts"}],"about":[{"href":"https:\/\/elenalasagna.it\/index.php?rest_route=\/wp\/v2\/types\/post"}],"author":[{"embeddable":true,"href":"https:\/\/elenalasagna.it\/index.php?rest_route=\/wp\/v2\/users\/1"}],"replies":[{"embeddable":true,"href":"https:\/\/elenalasagna.it\/index.php?rest_route=%2Fwp%2Fv2%2Fcomments&post=52293"}],"version-history":[{"count":0,"href":"https:\/\/elenalasagna.it\/index.php?rest_route=\/wp\/v2\/posts\/52293\/revisions"}],"wp:attachment":[{"href":"https:\/\/elenalasagna.it\/index.php?rest_route=%2Fwp%2Fv2%2Fmedia&parent=52293"}],"wp:term":[{"taxonomy":"category","embeddable":true,"href":"https:\/\/elenalasagna.it\/index.php?rest_route=%2Fwp%2Fv2%2Fcategories&post=52293"},{"taxonomy":"post_tag","embeddable":true,"href":"https:\/\/elenalasagna.it\/index.php?rest_route=%2Fwp%2Fv2%2Ftags&post=52293"}],"curies":[{"name":"wp","href":"https:\/\/api.w.org\/{rel}","templated":true}]}}