{"id":32336,"date":"2017-09-25T18:56:41","date_gmt":"2017-09-25T17:56:41","guid":{"rendered":"http:\/\/www.elenalasagna.it\/?p=32336"},"modified":"2017-09-25T18:56:41","modified_gmt":"2017-09-25T17:56:41","slug":"risposte-ai-lettori-quarantadue-quarantaquattresima-parte","status":"publish","type":"post","link":"https:\/\/elenalasagna.it\/?p=32336","title":{"rendered":"RISPOSTE AI LETTORI QUARANTADUE QUARANTAQUATTRESIMA PARTE"},"content":{"rendered":"<h4 style=\"text-align: right;\">25\/09\/2017<\/h4>\n<p>&nbsp;<\/p>\n<h4>Che cos&#8217;\u00e8 il delirio? \u00a0Una persona che cerca sempre di sminuire un&#8217;altra \u00e8 affetto da delirio? Grazie!<\/h4>\n<h4 style=\"text-align: center;\">Federica e Alessandro<\/h4>\n<p>&nbsp;<\/p>\n<h4>Tu che conosci la situazione dovresti trarre le tue conclusioni. Potrebbe essere semplicemente uno stupido o un disonesto.<\/h4>\n<h4>Il delirio \u00e8 una alterazione mentale che pu\u00f2 variare dallo stato confusionale alla formulazione di idee \u00a0tra loro coerenti ma non aventi corrispondenza con la realt\u00e0. \u00a0I deliri possono comparire in numerose condizioni tossiche, \u00a0tossinfettive, \u00a0e psicotiche. \u00a0In psicopatologia s&#8217;intende per delirio un sintomo molto frequente in quasi tutte le psicosi organiche (schizzofrenia, psicosi, \u00a0maniaco depressiva, \u00a0 paranoia, \u00a0caratterizzato dalla credenza cieca in alcuni fatti, \u00a0o circostanze, a dispetto di tutte le dimostrazioni che possono essere offerte dalla realt\u00e0. \u00a0I deliri possono essere accompagnati da allucinazioni. \u00a0Nella schizzofrenia in particolare essi possono essere poco strutturati, \u00a0del tutto illogici, \u00a0variabili nel tempo in contenuti e intensit\u00e0. \u00a0Nella paranoia invece sono ben strutturati, \u00a0organizzati, con logica ferrea, \u00a0il paziente parte da premesse errate, \u00a0che sembra sviluppare con logica stringente, \u00a0giungendo a conclusioni che gira e le rigira ma sono sempre inesatte. \u00a0Mentre i deliri schizzofrenici o maniaco depressivi hanno i pi\u00f9 diversi contenuti, \u00a0nella paranoia si riscontrano con maggior frequenza deliri con evidente fragilit\u00e0.<\/h4>\n<h4>Dai risultati dei miei studi.<\/h4>\n<p>&nbsp;<\/p>\n<h4 style=\"text-align: right;\">03\/10\/2017<\/h4>\n<p>&nbsp;<\/p>\n<h4>Che cos&#8217;\u00e8 esattamente il fibrosarcoma?\u00a0 E&#8217; qualcosa di maligno?<\/h4>\n<h4 style=\"text-align: center;\">Daniela<\/h4>\n<p>&nbsp;<\/p>\n<h4>E&#8217; un sarcoma differenziato dei tessuti connettivi.\u00a0 La presenza in esso di abbondante connettivo fibrillare collageno richiama la struttura del fibroma,\u00a0 mentre le numerosissime cellule atipiche non lasciano dubbi sulla\u00a0 natura sarcomatosa del tumore.\u00a0 Il fibrosarcoma si localizza nella cute, nel periostio,\u00a0 nelle fasce muscolari, nei tendini,\u00a0 nelle guaine dei nervi periferici;\u00a0 \u00e8 relativamente benigno e non dovrebbe dare metastasi.<\/h4>\n<p>&nbsp;<\/p>\n<h4 style=\"text-align: right;\">03\/10\/2017<\/h4>\n<p>&nbsp;<\/p>\n<h4>Che cos&#8217;\u00e8 il plesso e il plesso solare?<\/h4>\n<h4 style=\"text-align: center;\">Antonino<\/h4>\n<p>&nbsp;<\/p>\n<h4>Il plesso solare te lo spiego per ultimo,\u00a0 in quanto ai plessi sono un intreccio di elementi affini,\u00a0 con riferimento soprattutto a vasi sanguigni e linfatici e ai nervi. I plessi prendono nome dal tipo di formazione anatomica che li compone,\u00a0 abbiamo il plesso arterioso,\u00a0 il plesso nervoso,\u00a0 il plesso venoso,\u00a0 dalla loro localizzazione poi,\u00a0 il plesso ascellare,\u00a0 il plesso cardiaco,\u00a0 \u00a0il plesso sottomucoso.\u00a0 Il quanto al plesso solare costituisce un punto vitale dell&#8217;organismo in quanto,\u00a0 situato nella zona comunemente chiamata &#8220;bocca dello stomaco&#8221; rappresenta il punto di massima concentrazione di tutte le sollecitazioni,\u00a0 oltre a quelle fisiche,\u00a0 anche emozionali,\u00a0 che colpiscono l&#8217;individuo.<\/h4>\n<h4>In presenza di spaventi o fatti traumatici fisici e psichici,\u00a0 si hanno fenomeni di sconvolgimento delle funzioni corporee.<\/h4>\n<h4 style=\"text-align: right;\">13\/10\/2017<\/h4>\n<h4>Sono affetto da sferocitosi,\u00a0 per me \u00e8 una parola nuova,\u00a0 ma il medico mi ha detto che questa malattia non \u00e8 nuova,\u00a0 che cos&#8217;\u00e8 esattamente ?\u00a0 Grazie!<\/h4>\n<h4 style=\"text-align: center;\">N.<\/h4>\n<h4>La sferocitosi \u00e8 una malattia caratterizzata dalla presenza nel sangue di globuli rossi perfettamente sferici aventi un diametro medio inferiore alla norma.\u00a0 La sferocitosi\u00a0 manifesta un&#8217;alterazione strutturale e funzionale degli eritrociti,\u00a0 pu\u00f2 essere acquisita o congenita ereditaria. Questa malattia \u00e8 dell&#8217;et\u00e0 giovanile evidenzia crisi emolitiche in coincidenza di sforzi fisici,\u00a0 traumi,\u00a0 emozioni,\u00a0 malattie infettive,\u00a0 ecc.\u00a0 che si manifesta con ittero,\u00a0 anemia,\u00a0 aumento di volume della milza e con tipiche alterazioni somatiche nel soggetto in accrescimento.<\/h4>\n<h4 style=\"text-align: right;\">27\/10\/2017<\/h4>\n<p>&nbsp;<\/p>\n<p>&nbsp;<\/p>\n<h4>Mi diresti che cos&#8217;\u00e8 la sciatalgia esattamente?\u00a0 E&#8217; vero che \u00e8 una malattia psicosomatica?\u00a0 Grazie.<\/h4>\n<p>&nbsp;<\/p>\n<h4 style=\"text-align: center;\">Norma<\/h4>\n<p>&nbsp;<\/p>\n<h4>La sciatica \u00e8 quella nevralgia da irritazione del nervo sciatico.\u00a0 Si manifesta con dolore superficiale o profondo,\u00a0 intenso e trafittivo lungo il decorso del nervo e delle sue branche terminali.\u00a0 All&#8217;inizio si localizza alla regione lombare,\u00a0 poi a quella glutea,\u00a0 poi nella posizione posteriore della coscia esterna,\u00a0 della gamba e del piede;\u00a0 e in fase regressiva nelle regioni alte dell&#8217;arto. Oltre alla sciatica esistono altre due forme cliniche:\u00a0 la sciatica radicolare o funicolare sostenuta da fattori artritici,\u00a0 artrosici,\u00a0 ernia discale\u00a0 ecc. a carico del rachide lombosacrale,caratterizzata da una\u00a0 fase lombare del dolore molto pi\u00f9 lunga e da un&#8217;insorgenza da sforzi muscolari.\u00a0 \u00a0La sciatica\u00a0 plessurale, \u00e8 legata ad artrite sacroiliaca e di solito \u00e8 scatenata da un brusco movimento di torsione del tronco o da grandi sforzi fatti inconsapevolmente occasionali ,\u00a0 si manifesta con dolori diffusi nella parte alta della natica.\u00a0 \u00a0La sciatica in quanto ad essere una patologia psicosomatica\u00a0 \u00a0non \u00e8 una diceria ma potrebbe esserci una parte di vero.\u00a0 Dalle lezioni del Dottor Robert.<\/h4>\n<h4><\/h4>\n<p>&nbsp;<\/p>\n<p>&nbsp;<\/p>\n","protected":false},"excerpt":{"rendered":"<p>25\/09\/2017 &nbsp; Che cos&#8217;\u00e8 il delirio? \u00a0Una persona che cerca sempre di sminuire un&#8217;altra \u00e8 affetto da delirio? Grazie! Federica e Alessandro &nbsp; Tu che conosci la situazione dovresti trarre le tue conclusioni. Potrebbe essere semplicemente uno stupido o un disonesto. Il delirio \u00e8 una alterazione mentale che pu\u00f2 variare dallo stato confusionale alla formulazione [&hellip;]<\/p>\n","protected":false},"author":1,"featured_media":0,"comment_status":"closed","ping_status":"closed","sticky":false,"template":"","format":"standard","meta":{"footnotes":""},"categories":[19],"tags":[],"class_list":["post-32336","post","type-post","status-publish","format-standard","hentry","category-la-nostra-salute"],"_links":{"self":[{"href":"https:\/\/elenalasagna.it\/index.php?rest_route=\/wp\/v2\/posts\/32336","targetHints":{"allow":["GET"]}}],"collection":[{"href":"https:\/\/elenalasagna.it\/index.php?rest_route=\/wp\/v2\/posts"}],"about":[{"href":"https:\/\/elenalasagna.it\/index.php?rest_route=\/wp\/v2\/types\/post"}],"author":[{"embeddable":true,"href":"https:\/\/elenalasagna.it\/index.php?rest_route=\/wp\/v2\/users\/1"}],"replies":[{"embeddable":true,"href":"https:\/\/elenalasagna.it\/index.php?rest_route=%2Fwp%2Fv2%2Fcomments&post=32336"}],"version-history":[{"count":0,"href":"https:\/\/elenalasagna.it\/index.php?rest_route=\/wp\/v2\/posts\/32336\/revisions"}],"wp:attachment":[{"href":"https:\/\/elenalasagna.it\/index.php?rest_route=%2Fwp%2Fv2%2Fmedia&parent=32336"}],"wp:term":[{"taxonomy":"category","embeddable":true,"href":"https:\/\/elenalasagna.it\/index.php?rest_route=%2Fwp%2Fv2%2Fcategories&post=32336"},{"taxonomy":"post_tag","embeddable":true,"href":"https:\/\/elenalasagna.it\/index.php?rest_route=%2Fwp%2Fv2%2Ftags&post=32336"}],"curies":[{"name":"wp","href":"https:\/\/api.w.org\/{rel}","templated":true}]}}