{"id":1041,"date":"2010-10-29T16:10:22","date_gmt":"2010-10-29T15:10:22","guid":{"rendered":"http:\/\/www.elenalasagna.it\/?p=1041"},"modified":"2010-10-29T16:10:22","modified_gmt":"2010-10-29T15:10:22","slug":"risposte-ai-lettori-16-2-2","status":"publish","type":"post","link":"https:\/\/elenalasagna.it\/?p=1041","title":{"rendered":"RISPOSTE AI LETTORI 16"},"content":{"rendered":"<h4>Quanto \u00e8 importante la memoria per te?<\/h4>\n<h4>Marina<\/h4>\n<h4>E&#8217; ovvio che la memoria \u00e8 indispensabile. Quello che conta di pi\u00f9 per me \u00e8 la volont\u00e0, se \u00e8 possibile puntare sul pi\u00f9 alto grado della conoscenza. La nostra memoria \u00e8 un archivio dove vengono stipate esperienze che spesso conferiamo per potere attingere ogni qualvolta ne avremo bisogno. Per\u00f2 a volte vorrei farmi il lavaggio per incominciare da zero.<\/h4>\n<h4>&#8230;&#8230;&#8230;&#8230;&#8230;&#8230;&#8230;&#8230;&#8230;&#8230;&#8230;&#8230;&#8230;&#8230;&#8230;&#8230;&#8230;&#8230;&#8230;&#8230;&#8230;&#8230;&#8230;&#8230;&#8230;&#8230;&#8230;&#8230;&#8230;&#8230;&#8230;&#8230;&#8230;&#8230;&#8230;&#8230;&#8230;.<\/h4>\n<h4>E&#8217; vero che il tuo cognome non \u00e8 solo appetibile ma nasconde una bella e profonda storia?<\/h4>\n<h4>Gabriella<\/h4>\n<h4>Si \u00e8 vero. Il nome &#8220;Lasagna&#8221; ha un significato molto importante come lo \u00e8 la sua storia, un giorno la racconter\u00f2. Ma lasciamo la superficialit\u00e0 agli imbecilli e ai disperati.<\/h4>\n<h4>&#8230;&#8230;&#8230;&#8230;&#8230;&#8230;&#8230;&#8230;&#8230;&#8230;&#8230;&#8230;&#8230;&#8230;&#8230;&#8230;&#8230;&#8230;&#8230;&#8230;&#8230;&#8230;&#8230;&#8230;&#8230;&#8230;&#8230;&#8230;&#8230;&#8230;&#8230;&#8230;..<\/h4>\n<h4>Secondo te esistono bambini cattivi?<\/h4>\n<h4>Monica<\/h4>\n<h4>Se esistono, la colpa \u00e8 da attribuire alla famiglia.<\/h4>\n<h4>&#8230;&#8230;&#8230;&#8230;&#8230;&#8230;&#8230;&#8230;&#8230;&#8230;&#8230;&#8230;&#8230;&#8230;&#8230;&#8230;&#8230;&#8230;&#8230;&#8230;&#8230;&#8230;&#8230;&#8230;&#8230;&#8230;&#8230;&#8230;&#8230;&#8230;&#8230;&#8230;&#8230;&#8230;&#8230;<\/h4>\n<h4>Ciao! Sono Enrica, sono preoccupata per la mia amica Lidia, \u00e8 sull&#8217;orlo del precipizio perch\u00e9 il suo fidanzato ( 25 anni e lei 49 ) l&#8217;ha lasciata. Cosa posso fare per lei?<br \/>\nGrazie!<\/h4>\n<h4>Comprale un cane da guinzaglio, cos\u00ec lo potr\u00e0 tenere legato al piede del tavolo della sua cucina. Cara Lidia non ti resta che ringraziare il tuo venticinquenne, per i momenti che ti ha regalato. In amore non esistono regole, forse \u00e8 per questo che se n&#8217;\u00e8 andato.<\/h4>\n<h4>&#8230;&#8230;&#8230;&#8230;&#8230;&#8230;&#8230;&#8230;&#8230;&#8230;&#8230;&#8230;&#8230;&#8230;&#8230;&#8230;&#8230;&#8230;&#8230;&#8230;&#8230;&#8230;&#8230;&#8230;&#8230;&#8230;&#8230;&#8230;&#8230;&#8230;&#8230;&#8230;&#8230;&#8230;&#8230;..<\/h4>\n<h4>Rispondo a Susy anni 72. Dice che divide una casa di due piani con suo figlio, la nuora e il nipote, il nipote di 18 anni vorrebbe che la nonna Susy gli intestasse il suo appartamento, ma lei non riesce a prendere una decisione perch\u00e9 ha paura che il nipote una volta proprietario lo possa vendere.<br \/>\nSusy, perch\u00e9 hai cos\u00ec poca fede in tuo nipote? Dagli una possibilit\u00e0! Per male che vada dovrai solo guardarti intorno: i paesi e le citt\u00e0 sono pieni di appartamenti nuovi. Auguri! Susy.<\/h4>\n<h4>&#8230;&#8230;&#8230;&#8230;&#8230;&#8230;&#8230;&#8230;&#8230;&#8230;&#8230;&#8230;&#8230;&#8230;&#8230;&#8230;&#8230;&#8230;&#8230;&#8230;&#8230;&#8230;&#8230;&#8230;&#8230;&#8230;&#8230;&#8230;&#8230;&#8230;&#8230;&#8230;&#8230;&#8230;&#8230;&#8230;&#8230;.<\/h4>\n<h4>Sono Alessia, a scuola ho studiato alcune poesie di Salvatore Quasimodo, io non riesco a capire quella:&lt;&lt; Ed \u00e8 subito sera&gt;&gt;.<br \/>\nGrazie!<\/h4>\n<h4>Forse non sei stata attenta perch\u00e9 tra le poesie di Salvatore Quasimodo questa \u00e8 la pi\u00f9 semplice: in tre versi racchiude l&#8217;intuizione di una vita. Esprime il tormento del dolore: per i lutti causati dalle guerre, e per il conto che la vita presenta; il rimpianto del tempo che corre veloce, e che vorrebbe fermare in qualche modo, per potere capire di pi\u00f9 la vita per vivere e amare ancora, ma Lui avverte gi\u00e0 che non sar\u00e0 possibile fermarlo e gli passer\u00e0 davanti forse troppo in fretta.<\/h4>\n<h4>&#8230;&#8230;&#8230;&#8230;&#8230;&#8230;&#8230;&#8230;&#8230;&#8230;&#8230;&#8230;&#8230;&#8230;&#8230;&#8230;&#8230;&#8230;&#8230;&#8230;&#8230;&#8230;&#8230;&#8230;&#8230;&#8230;&#8230;&#8230;&#8230;&#8230;&#8230;&#8230;&#8230;&#8230;&#8230;&#8230;&#8230;..<\/h4>\n<h4>Sono Francesco di 11 anni, il mio amico ha i capelli rossi, anche se a lui piacciono, suo padre non li accetta e vorrebbe che se li tingesse di nero. Per me quell&#8217;uomo ha qualcosa che non va. Tu cosa dici?<\/h4>\n<h4>Io credo che che tu abbia ragione. Se fossi nel tuo amico mi cercherei un altro padre!<\/h4>\n<h4>&#8230;&#8230;&#8230;&#8230;&#8230;&#8230;&#8230;&#8230;&#8230;&#8230;&#8230;&#8230;&#8230;&#8230;&#8230;&#8230;&#8230;&#8230;&#8230;&#8230;&#8230;&#8230;&#8230;&#8230;&#8230;&#8230;&#8230;&#8230;&#8230;&#8230;&#8230;&#8230;&#8230;&#8230;&#8230;&#8230;&#8230;.<\/h4>\n<h4>Se tu dovessi incontrare i grandi della letteratura, avresti paura?<\/h4>\n<h4>No, la cultura non mi ha mai infuso paura, ma ammirazione e grande rispetto. Leggi gli altri articoli e scoprirai che cos&#8217;\u00e8 che forse m&#8217;incute paura.<\/h4>\n<h4>&#8230;&#8230;&#8230;&#8230;&#8230;&#8230;&#8230;&#8230;&#8230;&#8230;&#8230;&#8230;&#8230;&#8230;&#8230;&#8230;&#8230;&#8230;&#8230;&#8230;&#8230;&#8230;&#8230;&#8230;&#8230;&#8230;&#8230;&#8230;&#8230;&#8230;&#8230;&#8230;&#8230;&#8230;..<\/h4>\n<h4>Esiste l&#8217;amore vero tra un uomo e una donna? Il sesso \u00e8 amore? Hai amato molti uomini?<br \/>\nPatty<\/h4>\n<h4>Si, ed \u00e8 quello incondizionato. Il sesso da solo no. Ho amato un uomo solo, e sar\u00e0 per sempre, il resto non conta niente.<\/h4>\n<h4>&#8230;&#8230;&#8230;&#8230;&#8230;&#8230;&#8230;&#8230;&#8230;&#8230;&#8230;&#8230;&#8230;&#8230;&#8230;&#8230;&#8230;&#8230;&#8230;&#8230;&#8230;&#8230;&#8230;&#8230;&#8230;&#8230;&#8230;&#8230;&#8230;&#8230;&#8230;&#8230;&#8230;&#8230;&#8230;&#8230;&#8230;..<\/h4>\n<h4>Cosa pensi di quelli che commettono crimini e continuano a negare sempre?<\/h4>\n<h4>Maurizia<\/h4>\n<h4>Io credo che queste persone non abbiano niente di umano n\u00e9 di vivo, esseri di latta arrugginita che vanno oltre l&#8217;abisso della miseria. Tanto le verit\u00e0 scientifiche portano sempre alla luce la verit\u00e0.<\/h4>\n<h4>&#8230;&#8230;&#8230;&#8230;&#8230;&#8230;&#8230;&#8230;&#8230;&#8230;&#8230;&#8230;&#8230;&#8230;&#8230;&#8230;&#8230;&#8230;&#8230;&#8230;&#8230;&#8230;&#8230;&#8230;&#8230;&#8230;&#8230;&#8230;&#8230;&#8230;&#8230;&#8230;&#8230;&#8230;&#8230;&#8230;&#8230;.<\/h4>\n<h4>Hai ancora molto per finire l&#8217;altro romanzo?<\/h4>\n<h4>Elisa<\/h4>\n<h4>L&#8217;ho ultimato la settimana scorsa, l&#8217;ho datato , sigillato e consegnato ad uno studio legale di mia fiducia. Ti posso anticipare solo qualcosina: \u00e8 un giallo, dal titolo<br \/>\n&#8221; Quella sera d&#8217;agosto i grilli non cantarono&#8221;.<\/h4>\n<h4>&#8230;&#8230;&#8230;&#8230;&#8230;&#8230;&#8230;&#8230;&#8230;&#8230;&#8230;&#8230;&#8230;&#8230;&#8230;&#8230;&#8230;&#8230;&#8230;&#8230;&#8230;&#8230;&#8230;&#8230;&#8230;&#8230;&#8230;&#8230;&#8230;&#8230;&#8230;&#8230;&#8230;&#8230;&#8230;&#8230;&#8230;&#8230;..<\/h4>\n<h4>Quando parli con qualcuno e questo cerca di fregarti, tu cosa fai?<\/h4>\n<h4>Anna<\/h4>\n<h4>Gli ampio la strada per vedere dove arriva, poi cambio direzione.<\/h4>\n<h4>&#8230;&#8230;&#8230;&#8230;&#8230;&#8230;&#8230;&#8230;&#8230;&#8230;&#8230;&#8230;&#8230;&#8230;&#8230;&#8230;&#8230;&#8230;&#8230;&#8230;&#8230;&#8230;&#8230;&#8230;&#8230;&#8230;&#8230;&#8230;&#8230;&#8230;&#8230;&#8230;&#8230;&#8230;&#8230;<\/h4>\n<h4>Hai dichiarato che non sopporti i delinquenti e gli imbecilli. E i lecca lecca?<\/h4>\n<h4>Patrizia<\/h4>\n<h4>Vuoi dire i leccaculo? Quelli non li ho menzionati perch\u00e9 sempre imbecilli sono. Se non avessero il cervello di una gallina non leccherebbero il principale.<\/h4>\n","protected":false},"excerpt":{"rendered":"<p>Quanto \u00e8 importante la memoria per te? Marina E&#8217; ovvio che la memoria \u00e8 indispensabile. Quello che conta di pi\u00f9 per me \u00e8 la volont\u00e0, se \u00e8 possibile puntare sul pi\u00f9 alto grado della conoscenza. La nostra memoria \u00e8 un archivio dove vengono stipate esperienze che spesso conferiamo per potere attingere ogni qualvolta ne avremo [&hellip;]<\/p>\n","protected":false},"author":1,"featured_media":0,"comment_status":"open","ping_status":"open","sticky":false,"template":"","format":"standard","meta":{"footnotes":""},"categories":[6],"tags":[],"class_list":["post-1041","post","type-post","status-publish","format-standard","hentry","category-dialogando-con-voi"],"_links":{"self":[{"href":"https:\/\/elenalasagna.it\/index.php?rest_route=\/wp\/v2\/posts\/1041","targetHints":{"allow":["GET"]}}],"collection":[{"href":"https:\/\/elenalasagna.it\/index.php?rest_route=\/wp\/v2\/posts"}],"about":[{"href":"https:\/\/elenalasagna.it\/index.php?rest_route=\/wp\/v2\/types\/post"}],"author":[{"embeddable":true,"href":"https:\/\/elenalasagna.it\/index.php?rest_route=\/wp\/v2\/users\/1"}],"replies":[{"embeddable":true,"href":"https:\/\/elenalasagna.it\/index.php?rest_route=%2Fwp%2Fv2%2Fcomments&post=1041"}],"version-history":[{"count":0,"href":"https:\/\/elenalasagna.it\/index.php?rest_route=\/wp\/v2\/posts\/1041\/revisions"}],"wp:attachment":[{"href":"https:\/\/elenalasagna.it\/index.php?rest_route=%2Fwp%2Fv2%2Fmedia&parent=1041"}],"wp:term":[{"taxonomy":"category","embeddable":true,"href":"https:\/\/elenalasagna.it\/index.php?rest_route=%2Fwp%2Fv2%2Fcategories&post=1041"},{"taxonomy":"post_tag","embeddable":true,"href":"https:\/\/elenalasagna.it\/index.php?rest_route=%2Fwp%2Fv2%2Ftags&post=1041"}],"curies":[{"name":"wp","href":"https:\/\/api.w.org\/{rel}","templated":true}]}}